{"id":2066,"date":"2022-09-29T22:27:40","date_gmt":"2022-09-29T22:27:40","guid":{"rendered":"https:\/\/larepublicanews.com.do\/live\/?p=2066"},"modified":"2022-09-29T22:27:40","modified_gmt":"2022-09-29T22:27:40","slug":"hector-mendez-tras-la-presidencia-de-sodomedi","status":"publish","type":"post","link":"https:\/\/larepublicanews.com.do\/live\/hector-mendez-tras-la-presidencia-de-sodomedi\/","title":{"rendered":"H\u00e9ctor M\u00e9ndez tras la presidencia de Sodomedi"},"content":{"rendered":"<p>El joven comunicador H\u00e9ctor M\u00e9ndez, se postula a presidir la sociedad Dominicana de Medios Digitales (Sodomedi) luego de una consulta con miembros a lo interno de la entidad.<\/p>\n<p>Santo Domingo. &#8211; Junto a un equipo de profesionales en el \u00e1rea period\u00edstica dispuestos a trabajar por el desarrollo de la Sociedad Dominicana de Medios Digital (SODOMEDI), H\u00e9ctor M\u00e9ndez y su equipo, se posicionan a lo interno con su propuesta \u201cAl Rescate digital\u201d, en la que apuestan por la inclusi\u00f3n, la transparencia e integraci\u00f3n de los miembros a los planes de avances y desarrollo del gremio que agrupa a los medios digitales de la Rep\u00fablica Dominicana.<\/p>\n<p>H\u00e9ctor sue\u00f1a con un sodomedi m\u00e1s participativo, donde los miembros asuman el compromiso de aportar juntos al desarrollo de nuestra entidad, vamos tras el rescate de esa esencia por la cual en el 2018 tomamos la firme decisi\u00f3n de constituirlo como gremio.<\/p>\n<p>M\u00e1s sobre H\u00e9ctor M\u00e9ndez<\/p>\n<p>H\u00e9ctor es licenciado en cinematogr\u00e1fica menci\u00f3n direcci\u00f3n de la Universidad Aut\u00f3noma de Santo Domingo (UASD), Comunicador, egresado de la escuela de comunicaci\u00f3n digital latinoamericana INTERLAT, con diversidad de diplomados y especialidades en comunicaci\u00f3n digital, Asesor y estratega de contenidos digitales, actualmente es Director de Producci\u00f3n del canal de TV Ruta 66, Panelista en el programa \u201cEnfrentados TV \u201cde la plataforma de El Nuevo Diario TV, CEO de HT mediagroup SRL.<\/p>\n<p>M\u00e1s sobr\u00e9 Sodomedi<\/p>\n<p>La Sociedad Dominicana de Medios Digitales (SODOMEDI) es la instituci\u00f3n que agrupa a los due\u00f1os de medios digitales de noticias escritas, amparada por la Ley 122-05 sobre Asociaciones Sin Fines de Lucro.<\/p>\n","protected":false},"excerpt":{"rendered":"<p>El joven comunicador H\u00e9ctor M\u00e9ndez, se postula a presidir la sociedad Dominicana de Medios Digitales (Sodomedi) luego de una consulta con miembros a lo interno de la entidad. Santo Domingo. &#8211; Junto a un equipo de profesionales en el \u00e1rea period\u00edstica dispuestos a trabajar por el desarrollo de la Sociedad Dominicana de Medios Digital (SODOMEDI), H\u00e9ctor M\u00e9ndez y su equipo, se posicionan a lo interno con su propuesta \u201cAl Rescate digital\u201d, en la que apuestan por la inclusi\u00f3n, la transparencia e integraci\u00f3n de los miembros a los planes de avances&hellip;<\/p>\n","protected":false},"author":2,"featured_media":2067,"comment_status":"open","ping_status":"open","sticky":false,"template":"","format":"standard","meta":{"rop_custom_images_group":[],"rop_custom_messages_group":[],"rop_publish_now":"initial","rop_publish_now_accounts":[],"rop_publish_now_history":[],"rop_publish_now_status":"pending","footnotes":""},"categories":[2],"tags":[410,212],"class_list":["post-2066","post","type-post","status-publish","format-standard","has-post-thumbnail","hentry","category-actualidad","tag-elecciones-2022-sodomedi","tag-sodomedi"],"_links":{"self":[{"href":"https:\/\/larepublicanews.com.do\/live\/wp-json\/wp\/v2\/posts\/2066","targetHints":{"allow":["GET"]}}],"collection":[{"href":"https:\/\/larepublicanews.com.do\/live\/wp-json\/wp\/v2\/posts"}],"about":[{"href":"https:\/\/larepublicanews.com.do\/live\/wp-json\/wp\/v2\/types\/post"}],"author":[{"embeddable":true,"href":"https:\/\/larepublicanews.com.do\/live\/wp-json\/wp\/v2\/users\/2"}],"replies":[{"embeddable":true,"href":"https:\/\/larepublicanews.com.do\/live\/wp-json\/wp\/v2\/comments?post=2066"}],"version-history":[{"count":1,"href":"https:\/\/larepublicanews.com.do\/live\/wp-json\/wp\/v2\/posts\/2066\/revisions"}],"predecessor-version":[{"id":2068,"href":"https:\/\/larepublicanews.com.do\/live\/wp-json\/wp\/v2\/posts\/2066\/revisions\/2068"}],"wp:featuredmedia":[{"embeddable":true,"href":"https:\/\/larepublicanews.com.do\/live\/wp-json\/wp\/v2\/media\/2067"}],"wp:attachment":[{"href":"https:\/\/larepublicanews.com.do\/live\/wp-json\/wp\/v2\/media?parent=2066"}],"wp:term":[{"taxonomy":"category","embeddable":true,"href":"https:\/\/larepublicanews.com.do\/live\/wp-json\/wp\/v2\/categories?post=2066"},{"taxonomy":"post_tag","embeddable":true,"href":"https:\/\/larepublicanews.com.do\/live\/wp-json\/wp\/v2\/tags?post=2066"}],"curies":[{"name":"wp","href":"https:\/\/api.w.org\/{rel}","templated":true}]}}