{"id":2058,"date":"2022-09-22T22:01:28","date_gmt":"2022-09-22T22:01:28","guid":{"rendered":"https:\/\/larepublicanews.com.do\/live\/?p=2058"},"modified":"2022-09-22T22:01:28","modified_gmt":"2022-09-22T22:01:28","slug":"soterramiento-del-sistema-electrico-debe-ser-prioridad","status":"publish","type":"post","link":"https:\/\/larepublicanews.com.do\/live\/soterramiento-del-sistema-electrico-debe-ser-prioridad\/","title":{"rendered":"Soterramiento del sistema el\u00e9ctrico   debe ser prioridad. !"},"content":{"rendered":"<p>Al caminar por nuestra calles\u00a0 descubrimos debilidades del sector el\u00e9ctrico pero ya lleg\u00f3 el momento de cambiar esta realidad<\/p>\n<p>Por Mario Antonio Lara Valdez<\/p>\n<p>El paso del hurac\u00e1n Fiona coloco muchas interrogantes sobre como es posible que el territorio nacional, no tenga regiones o zonas urbanas con\u00a0 servicios p\u00fablicos soterrados ,incluso no se tuvo visi\u00f3n de aprovechar la construcci\u00f3n del metro\u00a0 lamentablemente .<\/p>\n<p>Como es posible que un pa\u00eds que demuestra un crecimiento econ\u00f3mico continuo adem\u00e1s ponga entre sus objetivos el turismo en sus diversos niveles enlazando con un dinamismo abastecimiento de productos agropecuario estemos de espalda a presentar una imagen\u00a0 poco adecuada con cables el\u00e9ctricos v\u00eda a\u00e9rea y total\u00a0 desorden .<\/p>\n<p>Buscando en mi memoria y espero que no me falle en epocas posteriores pudimos ver anuncios de proyectos de soterramiento de los servicios espec\u00edficamente en lo\u00a0 el\u00e9ctrico que luego de la efervescencia medi\u00e1tica,\u00a0 podemos ver como se\u00a0 sigue\u00a0 postergando a\u00a0 seguir con servicio deficiente ,apostando a un sector poco confiable para el ciudadano y sector productivo<\/p>\n<p>Desde nuestra opini\u00f3n servicios como electricidad,\u00a0 agua potable , gas , telefon\u00eda, Internet y\u00a0 entre otros deber\u00edamos tenernos de manera soterrados en lugares que lo requieran,\u00a0 \u00a0luego una planificaci\u00f3n .<\/p>\n<p>Llego el momento de hacer lo correcto y por esto solicito asumir un compromiso para lograr cambios reales implementando un plan de soterrar servicios en\u00a0 parte del distrito nacional asi como en las provincias de Saman\u00e1,\u00a0 Puerto Plata,\u00a0 La Vega , Pedernales, La Romana y\u00a0 zonas tur\u00edsticas como B\u00e1varo, Punta Cana , Cabrera, Boca Chica as\u00ed como tambi\u00e9n Sos\u00faa .<\/p>\n<p>Los recursos econ\u00f3micos para este tipo de proyectos que son fundamentales puede obtenerse v\u00eda organismos internacionales como bancos mundial ,Interamericano de desarrollo o una alianza con empresas especializadas en el sector el\u00e9ctrico porque ya es insostenible promover un destino tur\u00edstico con una telara\u00f1a en las v\u00edas p\u00fablicas en el territorio dominicano.<\/p>\n<p>Nuestro pa\u00eds est\u00e1 creciendo como destino por su privilegiada ubicaci\u00f3n geogr\u00e1fica pero sobre todo el trato afable de los dominicanos y nuestra cultura de ritmos bailable , gastronom\u00eda que atrapa al paladar m\u00e1s exigente pero con lugares a visitar para iniciar unas vacaciones inolvidable porque demuestra\u00a0 un constante crecimiento econ\u00f3mico y social .<\/p>\n<p style=\"text-align: left;\">Al caminar surge interrogantes asi c\u00f3mo preocupaci\u00f3n cuando nuestra\u00a0 vista o deseo tomar fotograf\u00edas\u00a0 nos encontramos con telara\u00f1as\u00a0 desordenada que pudiera dar migra\u00f1a a cualquier ciudadano de solo enfocar su celular o camara fotograf\u00eda profesional pero adem\u00e1s de esta situaci\u00f3n tambi\u00e9n es justo decir que debemos aprender prioriza este tipo de inversiones aunque luego este oculta debajo de la ciudad.<\/p>\n<p>Mario Antonio Lara Valdez activista social y comunicador .<\/p>\n","protected":false},"excerpt":{"rendered":"<p>Al caminar por nuestra calles\u00a0 descubrimos debilidades del sector el\u00e9ctrico pero ya lleg\u00f3 el momento de cambiar esta realidad Por Mario Antonio Lara Valdez El paso del hurac\u00e1n Fiona coloco muchas interrogantes sobre como es posible que el territorio nacional, no tenga regiones o zonas urbanas con\u00a0 servicios p\u00fablicos soterrados ,incluso no se tuvo visi\u00f3n de aprovechar la construcci\u00f3n del metro\u00a0 lamentablemente . Como es posible que un pa\u00eds que demuestra un crecimiento econ\u00f3mico continuo adem\u00e1s ponga entre sus objetivos el turismo en sus diversos niveles enlazando con un dinamismo&hellip;<\/p>\n","protected":false},"author":2,"featured_media":2059,"comment_status":"open","ping_status":"open","sticky":false,"template":"","format":"standard","meta":{"rop_custom_images_group":[],"rop_custom_messages_group":[],"rop_publish_now":"initial","rop_publish_now_accounts":[],"rop_publish_now_history":[],"rop_publish_now_status":"pending","footnotes":""},"categories":[2,7,138,66,50],"tags":[406,405,270,407],"class_list":["post-2058","post","type-post","status-publish","format-standard","has-post-thumbnail","hentry","category-actualidad","category-desastre-natural","category-el-tiempo","category-gobierno","category-opinion","tag-electricidad","tag-mario-lara-valadez","tag-opinion","tag-sostenibilidad"],"_links":{"self":[{"href":"https:\/\/larepublicanews.com.do\/live\/wp-json\/wp\/v2\/posts\/2058","targetHints":{"allow":["GET"]}}],"collection":[{"href":"https:\/\/larepublicanews.com.do\/live\/wp-json\/wp\/v2\/posts"}],"about":[{"href":"https:\/\/larepublicanews.com.do\/live\/wp-json\/wp\/v2\/types\/post"}],"author":[{"embeddable":true,"href":"https:\/\/larepublicanews.com.do\/live\/wp-json\/wp\/v2\/users\/2"}],"replies":[{"embeddable":true,"href":"https:\/\/larepublicanews.com.do\/live\/wp-json\/wp\/v2\/comments?post=2058"}],"version-history":[{"count":1,"href":"https:\/\/larepublicanews.com.do\/live\/wp-json\/wp\/v2\/posts\/2058\/revisions"}],"predecessor-version":[{"id":2060,"href":"https:\/\/larepublicanews.com.do\/live\/wp-json\/wp\/v2\/posts\/2058\/revisions\/2060"}],"wp:featuredmedia":[{"embeddable":true,"href":"https:\/\/larepublicanews.com.do\/live\/wp-json\/wp\/v2\/media\/2059"}],"wp:attachment":[{"href":"https:\/\/larepublicanews.com.do\/live\/wp-json\/wp\/v2\/media?parent=2058"}],"wp:term":[{"taxonomy":"category","embeddable":true,"href":"https:\/\/larepublicanews.com.do\/live\/wp-json\/wp\/v2\/categories?post=2058"},{"taxonomy":"post_tag","embeddable":true,"href":"https:\/\/larepublicanews.com.do\/live\/wp-json\/wp\/v2\/tags?post=2058"}],"curies":[{"name":"wp","href":"https:\/\/api.w.org\/{rel}","templated":true}]}}