{"id":2051,"date":"2022-09-19T17:53:33","date_gmt":"2022-09-19T17:53:33","guid":{"rendered":"https:\/\/larepublicanews.com.do\/live\/?p=2051"},"modified":"2022-09-19T17:53:33","modified_gmt":"2022-09-19T17:53:33","slug":"todo-un-exito-la-jornee-dominicaine-2022-motreal-canada","status":"publish","type":"post","link":"https:\/\/larepublicanews.com.do\/live\/todo-un-exito-la-jornee-dominicaine-2022-motreal-canada\/","title":{"rendered":"TODO UN \u00c9XITO LA JORNEE DOMINICAINE 2022, MOTREAL, CANADA."},"content":{"rendered":"<div class=\"s6\"><span class=\"s4\">&#8211; <\/span><span class=\"s5\">Juan Manuel La L\u00ednea logra captar la atenci\u00f3n <\/span><span class=\"s5\">de los presentes <\/span><span class=\"s5\">pese a<\/span> <span class=\"s5\">los conciertos<\/span><span class=\"s5\"> de <\/span><span class=\"s5\">Karol<\/span><span class=\"s5\">-G y <\/span><span class=\"s5\">Sebastian<\/span><span class=\"s5\"> Yatra<\/span><span class=\"s5\"> los cuales <\/span><span class=\"s5\">se <\/span><span class=\"s5\">estaban<\/span><span class=\"s5\"> presentado <\/span><span class=\"s5\">a<\/span><span class=\"s5\">unas calles. <\/span><\/div>\n<div class=\"s6\"><span class=\"s4\">&#8211; <\/span><span class=\"s5\">Rafael <\/span><span class=\"s5\">Energ\u00eda<\/span><span class=\"s5\"> Dominicana<\/span><span class=\"s5\"> resaltar que el <\/span><span class=\"s5\">audio visual de<\/span><span class=\"s5\">l <\/span><span class=\"s5\">tema \u00a8<\/span><span class=\"s5\">Pl\u00e1tano<\/span><span class=\"s5\"> maduro\u00a8 fue escogido por <\/span><span class=\"s7\">A<\/span><span class=\"s7\">nimaze<\/span> <span class=\"s7\">F<\/span><span class=\"s7\">ilm<\/span> <span class=\"s7\">F<\/span><span class=\"s7\">est<\/span> <span class=\"s7\">Montreal<\/span><span class=\"s7\">. \u00a0<\/span><\/div>\n<p class=\"s3\"><span class=\"s8\"><span class=\"bumpedFont15\"><br \/>\nMontreal, <\/span><\/span><span class=\"s8\"><span class=\"bumpedFont15\">Canad\u00e1. <\/span><\/span><span class=\"s8\"><span class=\"bumpedFont15\">Desde el <\/span><\/span><span class=\"s8\"><span class=\"bumpedFont15\">Gardin<\/span><\/span><span class=\"s8\"><span class=\"bumpedFont15\">s<\/span><\/span><span class=\"s8\"><span class=\"bumpedFont15\"> Gameli<\/span><\/span><span class=\"s8\"><span class=\"bumpedFont15\">n, en el<\/span><\/span><span class=\"s8\"><span class=\"bumpedFont15\">Quartier<\/span><\/span> <span class=\"s8\"><span class=\"bumpedFont15\">Des <\/span><\/span><span class=\"s8\"><span class=\"bumpedFont15\">Spectackes<\/span><\/span><span class=\"s8\"><span class=\"bumpedFont15\"> en <\/span><\/span><span class=\"s8\"><span class=\"bumpedFont15\">Montreal, la comunidad dominicana se dio cita durante diez horas <\/span><\/span><span class=\"s8\"><span class=\"bumpedFont15\">en el <\/span><\/span><span class=\"s2\"><span class=\"bumpedFont15\">\u00a8<\/span><\/span><span class=\"s2\"><span class=\"bumpedFont15\">Festival <\/span><\/span><span class=\"s2\"><span class=\"bumpedFont15\">Jorn<\/span><\/span><span class=\"s2\"><span class=\"bumpedFont15\">\u00e9<\/span><\/span><span class=\"s2\"><span class=\"bumpedFont15\">e<\/span><\/span> <span class=\"s2\"><span class=\"bumpedFont15\">Dominicaine<\/span><\/span><span class=\"s2\"><span class=\"bumpedFont15\">\u00a8,<\/span><\/span> <span class=\"s8\"><span class=\"bumpedFont15\">en donde se presentaron <\/span><\/span><span class=\"s8\"><span class=\"bumpedFont15\">seis artistas <\/span><\/span><span class=\"s8\"><span class=\"bumpedFont15\">nacionales e <\/span><\/span><span class=\"s8\"><span class=\"bumpedFont15\">internacional<\/span><\/span><span class=\"s8\"><span class=\"bumpedFont15\">es<\/span><\/span><span class=\"s8\"><span class=\"bumpedFont15\">, dos dj que pusieron a bailar a todos los presente, dos grupos de <\/span><\/span><span class=\"s8\"><span class=\"bumpedFont15\">danzas<\/span><\/span><span class=\"s8\"><span class=\"bumpedFont15\">, <\/span><\/span><span class=\"s8\"><span class=\"bumpedFont15\">payasos y una excelente<\/span><\/span><span class=\"s8\"><span class=\"bumpedFont15\"> propuesta cultural de la Republica Dominicana.<\/span><\/span><\/p>\n<p class=\"s9\"><span class=\"s8\"><span class=\"bumpedFont15\">Un evento producido por <\/span><\/span><span class=\"s8\"><span class=\"bumpedFont15\">la <\/span><\/span><span class=\"s2\"><span class=\"bumpedFont15\">Fundaci\u00f3n<\/span><\/span><span class=\"s2\"><span class=\"bumpedFont15\"> Cruz A<\/span><\/span><span class=\"s8\"><span class=\"bumpedFont15\">,<\/span><\/span> <span class=\"s8\"><span class=\"bumpedFont15\">inicio con la presentaci\u00f3n del <\/span><\/span><span class=\"s10\"><span class=\"bumpedFont15\">payaso <\/span><\/span><span class=\"s11\"><span class=\"bumpedFont15\">\u00a8<\/span><\/span><span class=\"s11\"><span class=\"bumpedFont15\">S<\/span><\/span><span class=\"s11\"><span class=\"bumpedFont15\">injalin<\/span><\/span><span class=\"s11\"><span class=\"bumpedFont15\">\u00a8 <\/span><\/span><span class=\"s10\"><span class=\"bumpedFont15\">luego el <\/span><\/span><span class=\"s11\"><span class=\"bumpedFont15\">ballet <\/span><\/span><span class=\"s11\"><span class=\"bumpedFont15\">folcl\u00f3rico<\/span><\/span> <span class=\"s11\"><span class=\"bumpedFont15\">\u00a8Anacaona\u00a8<\/span><\/span><span class=\"s10\"><span class=\"bumpedFont15\"> el grupo de danza modern<\/span><\/span><span class=\"s10\"><span class=\"bumpedFont15\">a <\/span><\/span><span class=\"s11\"><span class=\"bumpedFont15\">\u00a8<\/span><\/span><span class=\"s11\"><span class=\"bumpedFont15\">T\u00edpica<\/span><\/span><span class=\"s11\"><span class=\"bumpedFont15\"> Bachata\u00a8,<\/span><\/span><span class=\"s10\"><span class=\"bumpedFont15\"> seguido entre cambios de <\/span><\/span><span class=\"s10\"><span class=\"bumpedFont15\">artistas los <\/span><\/span><span class=\"s11\"><span class=\"bumpedFont15\">DJ <\/span><\/span><span class=\"s11\"><span class=\"bumpedFont15\">Tinaja <\/span><\/span><span class=\"s11\"><span class=\"bumpedFont15\">Mix<\/span><\/span><span class=\"s10\"><span class=\"bumpedFont15\"> y <\/span><\/span><span class=\"s11\"><span class=\"bumpedFont15\">DJ Dany O<\/span><\/span><span class=\"s10\"><span class=\"bumpedFont15\"> pusieron a bailar a todas los presentes con sus<\/span><\/span><span class=\"s10\"><span class=\"bumpedFont15\"> intervenciones <\/span><\/span><span class=\"s10\"><span class=\"bumpedFont15\">musicales en los genero <\/span><\/span><span class=\"s10\"><span class=\"bumpedFont15\">urban<\/span><\/span><span class=\"s10\"><span class=\"bumpedFont15\">o<\/span><\/span><span class=\"s10\"><span class=\"bumpedFont15\">, salsa<\/span><\/span><span class=\"s10\"><span class=\"bumpedFont15\"> y bachata<\/span><\/span><span class=\"s10\"><span class=\"bumpedFont15\">. \u00a0<\/span><\/span><\/p>\n<p class=\"s9\"><span class=\"s10\"><span class=\"bumpedFont15\">L<\/span><\/span><span class=\"s10\"><span class=\"bumpedFont15\">a primera orquesta en presentarse fue <\/span><\/span><span class=\"s11\"><span class=\"bumpedFont15\">Freddy Anthony<\/span><\/span><span class=\"s10\"><span class=\"bumpedFont15\">con su contagiosa bachata; <\/span><\/span><span class=\"s10\"><span class=\"bumpedFont15\">seguido por <\/span><\/span><span class=\"s11\"><span class=\"bumpedFont15\">Rosa Rosa \u2018\u2019La Soberana\u2019\u2019<\/span><\/span><span class=\"s11\"><span class=\"bumpedFont15\">,<\/span><\/span> <span class=\"s10\"><span class=\"bumpedFont15\">luego <\/span><\/span><span class=\"s11\"><span class=\"bumpedFont15\">Rafael <\/span><\/span><span class=\"s11\"><span class=\"bumpedFont15\">Energ\u00eda<\/span><\/span><span class=\"s11\"><span class=\"bumpedFont15\"> Dom<\/span><\/span><span class=\"s11\"><span class=\"bumpedFont15\">inicana <\/span><\/span><span class=\"s10\"><span class=\"bumpedFont15\">quien interpreto \u00a8<\/span><\/span><span class=\"s10\"><span class=\"bumpedFont15\">Bailame<\/span><\/span><span class=\"s10\"><span class=\"bumpedFont15\">; Enamorarse en la Playa, El <\/span><\/span><span class=\"s10\"><span class=\"bumpedFont15\">p<\/span><\/span><span class=\"s10\"><span class=\"bumpedFont15\">l\u00e1tano maduro, <\/span><\/span><span class=\"s10\"><span class=\"bumpedFont15\">M<\/span><\/span><span class=\"s10\"><span class=\"bumpedFont15\">i <\/span><\/span><span class=\"s10\"><span class=\"bumpedFont15\">b<\/span><\/span><span class=\"s10\"><span class=\"bumpedFont15\">achatica y <\/span><\/span><span class=\"s10\"><span class=\"bumpedFont15\">Tiranda<\/span><\/span><span class=\"s10\"><span class=\"bumpedFont15\"> duro\u00a8<\/span><\/span><span class=\"s10\"><span class=\"bumpedFont15\">; <\/span><\/span><span class=\"s10\"><span class=\"bumpedFont15\">seguido por <\/span><\/span><span class=\"s11\"><span class=\"bumpedFont15\">Liraldy<\/span><\/span><span class=\"s11\"><span class=\"bumpedFont15\">\u2018\u2019La Divina\u2019\u2019<\/span><\/span><span class=\"s10\"><span class=\"bumpedFont15\">, para culminar la participaci\u00f3n femenina. \u00a0<\/span><\/span><\/p>\n<p class=\"s9\"><span class=\"s10\"><span class=\"bumpedFont15\">P<\/span><\/span><span class=\"s10\"><span class=\"bumpedFont15\">ara darle paso a <\/span><\/span><span class=\"s10\"><span class=\"bumpedFont15\">showman<\/span><\/span> <span class=\"s11\"><span class=\"bumpedFont15\">Kilimppi<\/span><\/span><span class=\"s11\"><span class=\"bumpedFont15\"> Mambo<\/span><\/span><span class=\"s10\"><span class=\"bumpedFont15\">, quien interpreto <\/span><\/span><span class=\"s10\"><span class=\"bumpedFont15\">\u00a8El muerto\u00a8 homenaje Tony <\/span><\/span><span class=\"s10\"><span class=\"bumpedFont15\">Seval<\/span><\/span><span class=\"s10\"><span class=\"bumpedFont15\">, \u00a8<\/span><\/span><span class=\"s10\"><span class=\"bumpedFont15\">Melina\u00a8 de Camilo Sexto y de su autor\u00eda \u00a8Yo no tengo miedo\u00a8 \u00a8Solo\u00a8 \u00a8<\/span><\/span><span class=\"s10\"><span class=\"bumpedFont15\">Kilimppi<\/span><\/span> <span class=\"s10\"><span class=\"bumpedFont15\">est\u00e1<\/span><\/span><span class=\"s10\"><span class=\"bumpedFont15\"> aqu\u00ed\u00a8 y el \u00a8El majarete\u00a8 los asistentes bailaron al ritmo de ese con<\/span><\/span><span class=\"s10\"><span class=\"bumpedFont15\">ta<\/span><\/span><span class=\"s10\"><span class=\"bumpedFont15\">gioso mando;<\/span><\/span><span class=\"s10\"><span class=\"bumpedFont15\"> bien entrada la noche <\/span><\/span><span class=\"s10\"><span class=\"bumpedFont15\">le <\/span><\/span><span class=\"s10\"><span class=\"bumpedFont15\">toc\u00f3<\/span><\/span><span class=\"s10\"><span class=\"bumpedFont15\"> el turno al novel <\/span><\/span><span class=\"s11\"><span class=\"bumpedFont15\">salsero<\/span><\/span> <span class=\"s11\"><span class=\"bumpedFont15\">Jean Jorge<\/span><\/span><span class=\"s10\"><span class=\"bumpedFont15\">quien interpreto <\/span><\/span><span class=\"s10\"><span class=\"bumpedFont15\">tres canciones entre ella <\/span><\/span><span class=\"s10\"><span class=\"bumpedFont15\">una hermosa versi\u00f3n del \u00e9xito<\/span><\/span><span class=\"s10\"><span class=\"bumpedFont15\"> de <\/span><\/span><span class=\"s10\"><span class=\"bumpedFont15\">Maridalia<\/span><\/span><span class=\"s10\"><span class=\"bumpedFont15\"> Hern\u00e1ndez<\/span><\/span><span class=\"s10\"><span class=\"bumpedFont15\"> \u00a8Para Quererte\u00a8<\/span><\/span><span class=\"s10\"><span class=\"bumpedFont15\">. \u00a0<\/span><\/span><\/p>\n<p class=\"s9\"><span class=\"s10\"><span class=\"bumpedFont15\">Finalmente,<\/span><\/span><span class=\"s10\"><span class=\"bumpedFont15\"> para <\/span><\/span><span class=\"s10\"><span class=\"bumpedFont15\">cerrar este gran evento llego desde Republica Dominicana <\/span><\/span><span class=\"s11\"><span class=\"bumpedFont15\">Juan Manuel La <\/span><\/span><span class=\"s11\"><span class=\"bumpedFont15\">L\u00ednea<\/span><\/span><span class=\"s10\"><span class=\"bumpedFont15\">, quien interpreto <\/span><\/span><span class=\"s10\"><span class=\"bumpedFont15\">varios <\/span><\/span><span class=\"s10\"><span class=\"bumpedFont15\">sus \u00e9xitos como fueron \u00a8Si me dejas no vale\u00a8, <\/span><\/span><span class=\"s10\"><span class=\"bumpedFont15\">\u00a8<\/span><\/span> <span class=\"s10\"><span class=\"bumpedFont15\">Te compro de tu novia\u00a8 \u00a8<\/span><\/span><span class=\"s10\"><span class=\"bumpedFont15\">N<\/span><\/span><span class=\"s10\"><span class=\"bumpedFont15\">oche de <\/span><\/span><span class=\"s10\"><span class=\"bumpedFont15\">fantas\u00eda<\/span><\/span><span class=\"s10\"><span class=\"bumpedFont15\">\u00a8 \u00a8<\/span><\/span><span class=\"s10\"><span class=\"bumpedFont15\">M<\/span><\/span><span class=\"s10\"><span class=\"bumpedFont15\">i mundo tu\u00a8 entre otros <\/span><\/span><span class=\"s10\"><span class=\"bumpedFont15\">el p\u00fablico coreo y bailo los temas interpretados por Juan Manuel de manera muy aminada.<\/span><\/span><\/p>\n<p class=\"s9\">El evento estuvo conducido por comunicadora dominicana Carolina Franco y Elkin Polo.<\/p>\n<p class=\"s9\"><span class=\"s2\"><span class=\"bumpedFont15\">Sobre el Festival <\/span><\/span><span class=\"s2\"><span class=\"bumpedFont15\">Jorn<\/span><\/span><span class=\"s2\"><span class=\"bumpedFont15\">\u00e9<\/span><\/span><span class=\"s2\"><span class=\"bumpedFont15\">e<\/span><\/span> <span class=\"s2\"><span class=\"bumpedFont15\">Dominicaine<\/span><\/span><span class=\"s2\"><span class=\"bumpedFont15\">.<\/span><\/span><\/p>\n<p class=\"s9\"><span class=\"s8\"><span class=\"bumpedFont15\">El Festival del D\u00eda Dominicano te invita a sorprender todos tus sentidos al ritmo de la cultura a trav\u00e9s de la m\u00fasica y la danza.<\/span><\/span> <span class=\"s8\"><span class=\"bumpedFont15\">Durante el d\u00eda varios artistas se dan cita para ofrecerte espect\u00e1culos de m\u00fasica y danza<\/span><\/span><span class=\"s8\"><span class=\"bumpedFont15\">, <\/span><\/span><span class=\"s8\"><span class=\"bumpedFont15\">as\u00ed como una diversidad cultural sobre los escenarios que te har\u00e1 vivir una verdadera inmersi\u00f3n en el coraz\u00f3n de la cultura de Rep\u00fablica Dominicana<\/span><\/span><span class=\"s8\"><span class=\"bumpedFont15\">.<\/span><\/span><\/p>\n","protected":false},"excerpt":{"rendered":"<p>&#8211; Juan Manuel La L\u00ednea logra captar la atenci\u00f3n de los presentes pese a los conciertos de Karol-G y Sebastian Yatra los cuales se estaban presentado aunas calles. &#8211; Rafael Energ\u00eda Dominicana resaltar que el audio visual del tema \u00a8Pl\u00e1tano maduro\u00a8 fue escogido por Animaze Film Fest Montreal. \u00a0 Montreal, Canad\u00e1. Desde el Gardins Gamelin, en elQuartier Des Spectackes en Montreal, la comunidad dominicana se dio cita durante diez horas en el \u00a8Festival Jorn\u00e9e Dominicaine\u00a8, en donde se presentaron seis artistas nacionales e internacionales, dos dj que pusieron a bailar&hellip;<\/p>\n","protected":false},"author":2,"featured_media":2052,"comment_status":"open","ping_status":"open","sticky":false,"template":"","format":"standard","meta":{"rop_custom_images_group":[],"rop_custom_messages_group":[],"rop_publish_now":"initial","rop_publish_now_accounts":[],"rop_publish_now_history":[],"rop_publish_now_status":"pending","footnotes":""},"categories":[3,13],"tags":[114,307,401,400],"class_list":["post-2051","post","type-post","status-publish","format-standard","has-post-thumbnail","hentry","category-artista","category-entretenimiento","tag-canada","tag-espectaculo","tag-juan-manuel","tag-montreal"],"_links":{"self":[{"href":"https:\/\/larepublicanews.com.do\/live\/wp-json\/wp\/v2\/posts\/2051","targetHints":{"allow":["GET"]}}],"collection":[{"href":"https:\/\/larepublicanews.com.do\/live\/wp-json\/wp\/v2\/posts"}],"about":[{"href":"https:\/\/larepublicanews.com.do\/live\/wp-json\/wp\/v2\/types\/post"}],"author":[{"embeddable":true,"href":"https:\/\/larepublicanews.com.do\/live\/wp-json\/wp\/v2\/users\/2"}],"replies":[{"embeddable":true,"href":"https:\/\/larepublicanews.com.do\/live\/wp-json\/wp\/v2\/comments?post=2051"}],"version-history":[{"count":1,"href":"https:\/\/larepublicanews.com.do\/live\/wp-json\/wp\/v2\/posts\/2051\/revisions"}],"predecessor-version":[{"id":2053,"href":"https:\/\/larepublicanews.com.do\/live\/wp-json\/wp\/v2\/posts\/2051\/revisions\/2053"}],"wp:featuredmedia":[{"embeddable":true,"href":"https:\/\/larepublicanews.com.do\/live\/wp-json\/wp\/v2\/media\/2052"}],"wp:attachment":[{"href":"https:\/\/larepublicanews.com.do\/live\/wp-json\/wp\/v2\/media?parent=2051"}],"wp:term":[{"taxonomy":"category","embeddable":true,"href":"https:\/\/larepublicanews.com.do\/live\/wp-json\/wp\/v2\/categories?post=2051"},{"taxonomy":"post_tag","embeddable":true,"href":"https:\/\/larepublicanews.com.do\/live\/wp-json\/wp\/v2\/tags?post=2051"}],"curies":[{"name":"wp","href":"https:\/\/api.w.org\/{rel}","templated":true}]}}