{"id":2045,"date":"2022-09-12T18:20:00","date_gmt":"2022-09-12T18:20:00","guid":{"rendered":"https:\/\/larepublicanews.com.do\/live\/?p=2045"},"modified":"2022-09-12T18:20:00","modified_gmt":"2022-09-12T18:20:00","slug":"sodomedi-presenta-memoria-de-gestion-y-elige-comision-electoral","status":"publish","type":"post","link":"https:\/\/larepublicanews.com.do\/live\/sodomedi-presenta-memoria-de-gestion-y-elige-comision-electoral\/","title":{"rendered":"SODOMEDI presenta memoria de gesti\u00f3n y elige Comisi\u00f3n Electoral."},"content":{"rendered":"<p style=\"text-align: left;\">Los asamble\u00edstas felicitaron al Consejo Directivo por el informe presentado en la Asamblea Ordinaria.<\/p>\n<p>Santo Domingo RD&#8230; La Sociedad Dominicana de Medios<br \/>\nDigitales (SODOMEDI) dando cumplimento a los Estatutos que rige la instituci\u00f3n, realiz\u00f3 el pasado s\u00e1bado la Asamblea Ordinaria donde la directiva rindi\u00f3 el informe de gesti\u00f3n de la directiva 2020-2022, donde adem\u00e1s se modificaci\u00f3n el C\u00f3digo de \u00c9tica, Reglamento Electoral y Reglamento de Seccionales. Adem\u00e1s se eligi\u00f3 la Comisi\u00f3n Electoral para organizar las elecciones donde se elegir\u00e1 el nuevo Consejo Directivo, Comisi\u00f3n de \u00c9tica y Disciplina, Cuenta Revisora.<br \/>\nLos miembros de SODOMEDI de la Sede Central, as\u00ed como de las diferentes provincias de la Rep\u00fablica Dominicana y los residentes en otros pa\u00edses, que se dieron cita de forma presencial y otros virtual utilizando una pantalla gigante, donde en un ambiente democr\u00e1tico y cordial tuvieron participaci\u00f3n durante todo el proceso, que inici\u00f3 a las 10:00 de la ma\u00f1ana y culmin\u00f3 pr\u00f3ximo a las 5:00 de las tardes.<\/p>\n<p>El informe de gesti\u00f3n fue presentado por el presidente del<\/p>\n<p>Consejo Directivo, Ormar Rivera, en que adem\u00e1s de hablar en todas las actividades realizada, resalt\u00f3 la \u00e1rea de capacitaci\u00f3n para los miembros, entra la que cit\u00f3 los cuatro diplomado realizado con INFOTEP, el encuentro con universidades y otras instituciones educativas, las campa\u00f1as de concientizaci\u00f3n, las invitaciones hecha a la instituci\u00f3n a participar en conversatorios, el apoyo como compromiso social a otras instituciones a la sociedad dominicana y miembros.<br \/>\nTambi\u00e9n Omar Rivera, resalt\u00f3, el Talk Media, un encuentro con los directores de medios digitales de Colombia, Estados Unidos, Panam\u00e1, Israel, M\u00e9xico, Italia, entre otros, presentaci\u00f3n institucional creada para dar a conocer el trabajo de los medios digitales en RD, logrando con esto que Santa Marta en Colombia, creara una instituci\u00f3n inspirada en SODOMEDI. Encuentro donde se trat\u00f3 el tema de la creaci\u00f3n de la Federaci\u00f3n Internacional de Medios Digitales.<br \/>\nhttps:\/\/www.instagram.com\/p\/CiaPJHWuu5c\/?igshid=MDJmNzVkMjY=p<\/p>\n","protected":false},"excerpt":{"rendered":"<p>Los asamble\u00edstas felicitaron al Consejo Directivo por el informe presentado en la Asamblea Ordinaria. Santo Domingo RD&#8230; La Sociedad Dominicana de Medios Digitales (SODOMEDI) dando cumplimento a los Estatutos que rige la instituci\u00f3n, realiz\u00f3 el pasado s\u00e1bado la Asamblea Ordinaria donde la directiva rindi\u00f3 el informe de gesti\u00f3n de la directiva 2020-2022, donde adem\u00e1s se modificaci\u00f3n el C\u00f3digo de \u00c9tica, Reglamento Electoral y Reglamento de Seccionales. Adem\u00e1s se eligi\u00f3 la Comisi\u00f3n Electoral para organizar las elecciones donde se elegir\u00e1 el nuevo Consejo Directivo, Comisi\u00f3n de \u00c9tica y Disciplina, Cuenta Revisora.&hellip;<\/p>\n","protected":false},"author":2,"featured_media":2046,"comment_status":"open","ping_status":"open","sticky":false,"template":"","format":"standard","meta":{"rop_custom_images_group":[],"rop_custom_messages_group":[],"rop_publish_now":"initial","rop_publish_now_accounts":[],"rop_publish_now_history":[],"rop_publish_now_status":"pending","footnotes":""},"categories":[2,133,25],"tags":[396,398,397,399,212],"class_list":["post-2045","post","type-post","status-publish","format-standard","has-post-thumbnail","hentry","category-actualidad","category-periodistas","category-portada","tag-medios-digitales","tag-omar-rivera","tag-periodismo-digital","tag-rendicion","tag-sodomedi"],"_links":{"self":[{"href":"https:\/\/larepublicanews.com.do\/live\/wp-json\/wp\/v2\/posts\/2045","targetHints":{"allow":["GET"]}}],"collection":[{"href":"https:\/\/larepublicanews.com.do\/live\/wp-json\/wp\/v2\/posts"}],"about":[{"href":"https:\/\/larepublicanews.com.do\/live\/wp-json\/wp\/v2\/types\/post"}],"author":[{"embeddable":true,"href":"https:\/\/larepublicanews.com.do\/live\/wp-json\/wp\/v2\/users\/2"}],"replies":[{"embeddable":true,"href":"https:\/\/larepublicanews.com.do\/live\/wp-json\/wp\/v2\/comments?post=2045"}],"version-history":[{"count":1,"href":"https:\/\/larepublicanews.com.do\/live\/wp-json\/wp\/v2\/posts\/2045\/revisions"}],"predecessor-version":[{"id":2047,"href":"https:\/\/larepublicanews.com.do\/live\/wp-json\/wp\/v2\/posts\/2045\/revisions\/2047"}],"wp:featuredmedia":[{"embeddable":true,"href":"https:\/\/larepublicanews.com.do\/live\/wp-json\/wp\/v2\/media\/2046"}],"wp:attachment":[{"href":"https:\/\/larepublicanews.com.do\/live\/wp-json\/wp\/v2\/media?parent=2045"}],"wp:term":[{"taxonomy":"category","embeddable":true,"href":"https:\/\/larepublicanews.com.do\/live\/wp-json\/wp\/v2\/categories?post=2045"},{"taxonomy":"post_tag","embeddable":true,"href":"https:\/\/larepublicanews.com.do\/live\/wp-json\/wp\/v2\/tags?post=2045"}],"curies":[{"name":"wp","href":"https:\/\/api.w.org\/{rel}","templated":true}]}}