{"id":2037,"date":"2022-09-02T02:51:03","date_gmt":"2022-09-02T02:51:03","guid":{"rendered":"https:\/\/larepublicanews.com.do\/live\/?p=2037"},"modified":"2022-09-02T02:51:03","modified_gmt":"2022-09-02T02:51:03","slug":"leonel-fernandez-dictara-conferencia-en-universidad-de-puerto-rico-tendencias-globales-de-un-mundo-en-transformacion","status":"publish","type":"post","link":"https:\/\/larepublicanews.com.do\/live\/leonel-fernandez-dictara-conferencia-en-universidad-de-puerto-rico-tendencias-globales-de-un-mundo-en-transformacion\/","title":{"rendered":"Leonel Fern\u00e1ndez dictar\u00e1 conferencia en Universidad de Puerto Rico: Tendencias Globales de un Mundo en Transformaci\u00f3n."},"content":{"rendered":"<p>Santo Domingo: El presidente del partido Fuerza del Pueblo, Leonel Fern\u00e1ndez, inicia este jueves 1 de septiembre, en Puerto Rico, una amplia agenda pol\u00edtica, cultural y acad\u00e9mica, que incluye dictar una conferencia sobre Tendencias Globales de un Mundo en Transformaci\u00f3n, realizar actividades de recaudaci\u00f3n y juramentar nuevos miembros en la organizaci\u00f3n opositora.<\/p>\n<p>A su llegada a la isla de Puerto Rico, en horas de la noche del jueves, Fern\u00e1ndez ser\u00e1 recibido por un importante grupo de empresarios, quienes organizan un Cocktail bienvenida que servir\u00e1 de escenario para recaudaci\u00f3n de fondos, mientras que el viernes en la ma\u00f1ana, estar\u00e1 en el corte de cinta y apertura de la Convenci\u00f3n Anual Foro de Desarrollo Econ\u00f3mico: \u201cEconom\u00eda Global y el Desarrollo de las Pymes entre Puerto Rico y la Rep\u00fablica Dominicana\u201d, en el municipio de R\u00edo Grande.<\/p>\n<p>A mediod\u00eda del viernes 2, el expresidente de la Rep\u00fablica Dominicana, asistir\u00e1 a la Universidad de Puerto Rico, para dictar la conferencia: \u201cTendencias Globales de un Mundo en Transformaci\u00f3n\u201d, luego acudir\u00e1 a una ofrenda floral en los bustos del Prof. Juan Bosch y Eugenio Mar\u00eda de Hostos, mientras que en la noche tendr\u00e1 un encuentro con intelectuales e historiadores en la Fundaci\u00f3n Luis Mu\u00f1oz Mar\u00edn.<\/p>\n<p>En la ma\u00f1ana del s\u00e1bado 3 de septiembre, Fern\u00e1ndez participar\u00e1 en el Foro de Desarrollo Econ\u00f3mico \u201cEconom\u00eda Global y el Desarrollo de las Pymes entre Puerto Rico y la Republica Dominicana\u201d, y en la tarde, el exmandatario, se reunir\u00e1 con empresarios portorrique\u00f1os.<\/p>\n<p>El domingo 4, asistir\u00e1 al Colegio de Abogados, 808 Avenida Juan Ponce de Le\u00f3n San Juan, Puerto Rico 00907, donde encabezar\u00e1 un multitudinario acto de juramentaci\u00f3n de dominicanos residentes en esta isla que han decidido inscribirse en la Fuerza del Pueblo.<\/p>\n<p>En horas de la tarde del domingo, el l\u00edder de la Fuerza del Pueblo, tiene previsto retornar a la Rep\u00fablica Dominicana, para continuar con su agenda de trabajo de cara a fortalecer la organizaci\u00f3n que tiene como meta, afiliar para febrero del a\u00f1o 2023, un mill\u00f3n y medio de miembros.<\/p>\n<p>&nbsp;<\/p>\n","protected":false},"excerpt":{"rendered":"<p>Santo Domingo: El presidente del partido Fuerza del Pueblo, Leonel Fern\u00e1ndez, inicia este jueves 1 de septiembre, en Puerto Rico, una amplia agenda pol\u00edtica, cultural y acad\u00e9mica, que incluye dictar una conferencia sobre Tendencias Globales de un Mundo en Transformaci\u00f3n, realizar actividades de recaudaci\u00f3n y juramentar nuevos miembros en la organizaci\u00f3n opositora. A su llegada a la isla de Puerto Rico, en horas de la noche del jueves, Fern\u00e1ndez ser\u00e1 recibido por un importante grupo de empresarios, quienes organizan un Cocktail bienvenida que servir\u00e1 de escenario para recaudaci\u00f3n de fondos,&hellip;<\/p>\n","protected":false},"author":4,"featured_media":2038,"comment_status":"open","ping_status":"open","sticky":false,"template":"","format":"standard","meta":{"rop_custom_images_group":[],"rop_custom_messages_group":[],"rop_publish_now":"initial","rop_publish_now_accounts":[],"rop_publish_now_history":[],"rop_publish_now_status":"pending","footnotes":""},"categories":[20],"tags":[],"class_list":["post-2037","post","type-post","status-publish","format-standard","has-post-thumbnail","hentry","category-leonel-fernandez"],"_links":{"self":[{"href":"https:\/\/larepublicanews.com.do\/live\/wp-json\/wp\/v2\/posts\/2037","targetHints":{"allow":["GET"]}}],"collection":[{"href":"https:\/\/larepublicanews.com.do\/live\/wp-json\/wp\/v2\/posts"}],"about":[{"href":"https:\/\/larepublicanews.com.do\/live\/wp-json\/wp\/v2\/types\/post"}],"author":[{"embeddable":true,"href":"https:\/\/larepublicanews.com.do\/live\/wp-json\/wp\/v2\/users\/4"}],"replies":[{"embeddable":true,"href":"https:\/\/larepublicanews.com.do\/live\/wp-json\/wp\/v2\/comments?post=2037"}],"version-history":[{"count":1,"href":"https:\/\/larepublicanews.com.do\/live\/wp-json\/wp\/v2\/posts\/2037\/revisions"}],"predecessor-version":[{"id":2039,"href":"https:\/\/larepublicanews.com.do\/live\/wp-json\/wp\/v2\/posts\/2037\/revisions\/2039"}],"wp:featuredmedia":[{"embeddable":true,"href":"https:\/\/larepublicanews.com.do\/live\/wp-json\/wp\/v2\/media\/2038"}],"wp:attachment":[{"href":"https:\/\/larepublicanews.com.do\/live\/wp-json\/wp\/v2\/media?parent=2037"}],"wp:term":[{"taxonomy":"category","embeddable":true,"href":"https:\/\/larepublicanews.com.do\/live\/wp-json\/wp\/v2\/categories?post=2037"},{"taxonomy":"post_tag","embeddable":true,"href":"https:\/\/larepublicanews.com.do\/live\/wp-json\/wp\/v2\/tags?post=2037"}],"curies":[{"name":"wp","href":"https:\/\/api.w.org\/{rel}","templated":true}]}}