{"id":2032,"date":"2022-08-17T16:24:56","date_gmt":"2022-08-17T16:24:56","guid":{"rendered":"https:\/\/larepublicanews.com.do\/live\/?p=2032"},"modified":"2022-08-17T16:24:56","modified_gmt":"2022-08-17T16:24:56","slug":"vintage-presenta-su-nueva-version-vintage-beauty-salon","status":"publish","type":"post","link":"https:\/\/larepublicanews.com.do\/live\/vintage-presenta-su-nueva-version-vintage-beauty-salon\/","title":{"rendered":"Vintage presenta su nueva versi\u00f3n \u00a1Vintage beauty sal\u00f3n!"},"content":{"rendered":"<p>Santo Domingo. &#8211; Vintage Beauty center es un sal\u00f3n de belleza que tiene casi 6 a\u00f1os en el Mercado. Vintage ha sido un sue\u00f1o que naci\u00f3 luego de que su CEO Gabriela Fari\u00f1as emigrara de su pa\u00eds natal Venezuela hasta la Rep\u00fablica Dominicana junto con su madre Emperatriz Eduardo la cu\u00e1l fue pilar fundamental del crecimiento de este proyecto.<\/p>\n<p>Entre las dos han recorrido estos casi 6 a\u00f1os de camino de Vintage y luego de este tiempo han decidido bifurcar sus caminos y su madre le ha dado paso a que sea Gabriela que siga recorriendo este camino de la mano de sus colaboradoras y ahora se sumaron a este proyecto un nuevo equipo de expertas y capacitadas en el \u00e1rea que en conjunto con nuestro equipo de a\u00f1os conformamos la nueva versi\u00f3n de Vintage Beauty Center.<br \/>\nEn ese mismo sentido Vintage trae buenas nuevas para su p\u00fablico y es el lanzamiento de nuestra l\u00ednea de cuidado capilar llamada \u201cVintage Beauty Cosmetic\u201d, algo que desde hace mucho estaba en proyecto, pero no se hab\u00eda dado la oportunidad y con este nuevo comienzo decidimos incorporarla para dar el complemento perfecto a nuestro servicio.<br \/>\nEst\u00e1 l\u00ednea est\u00e1 elaborada con los m\u00e1s nobles e ideales ingredientes para nuestro cabello. El aceite de coco y arg\u00e1n son los protagonistas de esta l\u00ednea. Es una l\u00ednea destinada a la reconstrucci\u00f3n y reparaci\u00f3n capilar aportando brillo y suavidad al mismo.<br \/>\nLa punta de lanza de nuestro nuevo Vintage es la incorporaci\u00f3n de los servicios est\u00e9ticos especializados en rostro de la mano de la doctora Karina Coral. De nacionalidad colombiana con altos estudios en Canad\u00e1 y su pa\u00eds natal, Especializada en rejuvenecimiento facial, rellenos faciales y afines.<\/p>\n","protected":false},"excerpt":{"rendered":"<p>Santo Domingo. &#8211; Vintage Beauty center es un sal\u00f3n de belleza que tiene casi 6 a\u00f1os en el Mercado. Vintage ha sido un sue\u00f1o que naci\u00f3 luego de que su CEO Gabriela Fari\u00f1as emigrara de su pa\u00eds natal Venezuela hasta la Rep\u00fablica Dominicana junto con su madre Emperatriz Eduardo la cu\u00e1l fue pilar fundamental del crecimiento de este proyecto. Entre las dos han recorrido estos casi 6 a\u00f1os de camino de Vintage y luego de este tiempo han decidido bifurcar sus caminos y su madre le ha dado paso a&hellip;<\/p>\n","protected":false},"author":2,"featured_media":2034,"comment_status":"open","ping_status":"open","sticky":false,"template":"","format":"standard","meta":{"rop_custom_images_group":[],"rop_custom_messages_group":[],"rop_publish_now":"initial","rop_publish_now_accounts":[],"rop_publish_now_history":[],"rop_publish_now_status":"pending","footnotes":""},"categories":[2,13,22,25],"tags":[118,391,390],"class_list":["post-2032","post","type-post","status-publish","format-standard","has-post-thumbnail","hentry","category-actualidad","category-entretenimiento","category-noticia","category-portada","tag-belleza","tag-linea-capilar","tag-tratamiento"],"_links":{"self":[{"href":"https:\/\/larepublicanews.com.do\/live\/wp-json\/wp\/v2\/posts\/2032","targetHints":{"allow":["GET"]}}],"collection":[{"href":"https:\/\/larepublicanews.com.do\/live\/wp-json\/wp\/v2\/posts"}],"about":[{"href":"https:\/\/larepublicanews.com.do\/live\/wp-json\/wp\/v2\/types\/post"}],"author":[{"embeddable":true,"href":"https:\/\/larepublicanews.com.do\/live\/wp-json\/wp\/v2\/users\/2"}],"replies":[{"embeddable":true,"href":"https:\/\/larepublicanews.com.do\/live\/wp-json\/wp\/v2\/comments?post=2032"}],"version-history":[{"count":1,"href":"https:\/\/larepublicanews.com.do\/live\/wp-json\/wp\/v2\/posts\/2032\/revisions"}],"predecessor-version":[{"id":2035,"href":"https:\/\/larepublicanews.com.do\/live\/wp-json\/wp\/v2\/posts\/2032\/revisions\/2035"}],"wp:featuredmedia":[{"embeddable":true,"href":"https:\/\/larepublicanews.com.do\/live\/wp-json\/wp\/v2\/media\/2034"}],"wp:attachment":[{"href":"https:\/\/larepublicanews.com.do\/live\/wp-json\/wp\/v2\/media?parent=2032"}],"wp:term":[{"taxonomy":"category","embeddable":true,"href":"https:\/\/larepublicanews.com.do\/live\/wp-json\/wp\/v2\/categories?post=2032"},{"taxonomy":"post_tag","embeddable":true,"href":"https:\/\/larepublicanews.com.do\/live\/wp-json\/wp\/v2\/tags?post=2032"}],"curies":[{"name":"wp","href":"https:\/\/api.w.org\/{rel}","templated":true}]}}