{"id":2024,"date":"2022-08-12T22:59:44","date_gmt":"2022-08-12T22:59:44","guid":{"rendered":"https:\/\/larepublicanews.com.do\/live\/?p=2024"},"modified":"2022-08-12T22:59:44","modified_gmt":"2022-08-12T22:59:44","slug":"infotep-lanza-plan-de-capacitacion-a-10-mil-dominicanos-residentes-en-18-ciudades-del-mundo","status":"publish","type":"post","link":"https:\/\/larepublicanews.com.do\/live\/infotep-lanza-plan-de-capacitacion-a-10-mil-dominicanos-residentes-en-18-ciudades-del-mundo\/","title":{"rendered":"*INFOTEP lanza plan de capacitaci\u00f3n a 10 mil dominicanos residentes en 18 ciudades del mundo*"},"content":{"rendered":"<p>El Instituto Nacional de Formaci\u00f3n T\u00e9cnico Profesional (INFOTEP) dio inicio al programa de capacitaci\u00f3n, validaci\u00f3n profesional y certificaci\u00f3n de competencias, que impactar\u00e1 a 10 mil dominicanos residentes en 18 ciudades del mundo, o en proceso de migraci\u00f3n.<\/p>\n<p>Con el plan, presentado desde la sede central del INFOTEP en el pa\u00eds y de manera simult\u00e1nea en cada una de las ciudades donde ser\u00e1 impartido, los dominicanos de la di\u00e1spora desarrollar\u00e1n sus capacidades t\u00e9cnicas y tendr\u00e1n la oportunidad de obtener empleos mejor remunerados, que les permita elevar su calidad de vida.<\/p>\n<p>Gracias a esta iniciativa del INFOTEP, recibir\u00e1n capacitaci\u00f3n dominicanos residentes en ciudades de Estados Unidos como Lawrence, New York, New Jersey, Tampa, Orlando, Miami y Pensilvania.<\/p>\n<p>Tambi\u00e9n en Puerto Rico, Venezuela, Chile, Uruguay, Aruba, Antigua y Barbuda, Bonaire, Jamaica, Curazao, Trinidad y Tobago y Panam\u00e1.<br \/>\nEl director del INFOTEP, Rafael Santos Bad\u00eda, destac\u00f3 en el acto los aportes de las comunidades de dominicanas y dominicanos en el exterior, que, con sus remesas, impulsan y fortalecen la econom\u00eda de sus familiares y del pa\u00eds. Dijo que las contribuciones de la di\u00e1spora representan m\u00e1s del 10 % del Producto Interno Bruto de la Rep\u00fablica Dominicana.<\/p>\n<p>Santos Bad\u00eda explic\u00f3 que los recursos para ejecutar el plan de capacitaci\u00f3n a la di\u00e1spora provienen de los aportes que realiza el Estado dominicano a la instituci\u00f3n mediante la Ley 116-80, que crea el INFOTEP.<\/p>\n<p>\u201cHoy, gracias a una m\u00e1s acabada conciencia social, a un gobierno de gran apertura y cambio, presidido por Luis Abinader, venimos a hacer realidad una aguardada conquista, al lanzar el Programa de Formaci\u00f3n de Dominicanos en el Exterior\u201d, resalt\u00f3 el director del INFOTEP.<\/p>\n<p>Este acto reuni\u00f3 a autoridades nacionales e internacionales. Adem\u00e1s del director del INFOTEP, encabezaron la actividad, el embajador dominicano en Chile, Fausto Liz y el ministro de Relaciones Exteriores, Migraci\u00f3n y Comercio de Antigua y Barbuda, Chet Greene.<\/p>\n<p>Tambi\u00e9n el director del Instituto de Dominicanos y Dominicanas en el Exterior, Carlos de la Mota; el c\u00f3nsul general de Puerto Rico, Opinio D\u00edaz; la c\u00f3nsul general en Curazao, Mar\u00eda Luisa Ubiera, el c\u00f3nsul general en Nueva York, Eligio J\u00e1quez; el c\u00f3nsul general de New Jersey, Anibal Pichardo y el alcalde de Lawrence, Bryan de Pe\u00f1a.<\/p>\n<p>En su primera etapa el proyecto se centrar\u00e1 en las \u00e1reas de formaci\u00f3n y certificaci\u00f3n, validaci\u00f3n ocupacional y formaci\u00f3n virtual. En esta \u00faltima se dispondr\u00e1 de 120 planes de formaci\u00f3n.<\/p>\n<p>Asimismo, se ofrecer\u00e1n certificaci\u00f3n nacional e internacional en \u00e1reas valoradas por su potencial en colocaci\u00f3n y emprendimiento como plomer\u00eda, electricidad, refrigeraci\u00f3n y calefacci\u00f3n, las cuales ser\u00e1n impartidas en todo el territorio nacional para los que est\u00e1n en espera de residencia, en alianza con centros formativos en el exterior.<\/p>\n<p>El programa formativo<br \/>\nEn la modalidad presencial, a los dominicanos de la di\u00e1spora se le dar\u00e1 cursos de electricidad residencial y comercial, paneles solares, plomer\u00eda residencial y comercial, calefacci\u00f3n residencial y comercial y refrigeraci\u00f3n.<\/p>\n<p>En la modalidad virtual se ofrecer\u00e1 el Diplomado en Liderazgo Transformador y cursos sobre desarrollo de aplicaciones en las nubes, desarrollo App, desarrollo de contenidos para la red, dise\u00f1o gr\u00e1fico digital, elaboraci\u00f3n de p\u00e1gina web, gesti\u00f3n de redes sociales, ilustrador storytelling, ingl\u00e9s, contabilidad, venta, manejo de programa de oficina y digitalizaci\u00f3n.<\/p>\n<p>*Discursos*<br \/>\nAl dirigirse a los presentes, el ministro de Relaciones Exteriores, Migraci\u00f3n y Comercio de Antigua y Barbuda, hizo referencia a la relaci\u00f3n de la migraci\u00f3n inter caribe\u00f1a por cuestiones de empleo y a la oportunidad que ofrece el INFOTEP de mejorar la capacidad de la di\u00e1spora dominicana en general.<\/p>\n<p>De su lado, el director del Instituto de Dominicanos y dominicanas en el Exterior, Carlos de la Mota, valor\u00f3 en su discurso la iniciativa de promover los programas y estudios acad\u00e9micos, t\u00e9cnicos y sociales, destinados a elevar la capacidad, formaci\u00f3n y desarrollo de los Dominicanos y Dominicanas en el exterior.<\/p>\n","protected":false},"excerpt":{"rendered":"<p>El Instituto Nacional de Formaci\u00f3n T\u00e9cnico Profesional (INFOTEP) dio inicio al programa de capacitaci\u00f3n, validaci\u00f3n profesional y certificaci\u00f3n de competencias, que impactar\u00e1 a 10 mil dominicanos residentes en 18 ciudades del mundo, o en proceso de migraci\u00f3n. Con el plan, presentado desde la sede central del INFOTEP en el pa\u00eds y de manera simult\u00e1nea en cada una de las ciudades donde ser\u00e1 impartido, los dominicanos de la di\u00e1spora desarrollar\u00e1n sus capacidades t\u00e9cnicas y tendr\u00e1n la oportunidad de obtener empleos mejor remunerados, que les permita elevar su calidad de vida. Gracias&hellip;<\/p>\n","protected":false},"author":2,"featured_media":2025,"comment_status":"open","ping_status":"open","sticky":false,"template":"","format":"standard","meta":{"rop_custom_images_group":[],"rop_custom_messages_group":[],"rop_publish_now":"initial","rop_publish_now_accounts":[],"rop_publish_now_history":[],"rop_publish_now_status":"pending","footnotes":""},"categories":[2,9,15,66,18],"tags":[280,381,112,383,382,384,279],"class_list":["post-2024","post","type-post","status-publish","format-standard","has-post-thumbnail","hentry","category-actualidad","category-dominicanos-en-newyork","category-estados-unidos","category-gobierno","category-world","tag-capacitacion","tag-cursos","tag-dominicanos","tag-estudios","tag-exterior","tag-gratis","tag-infotep"],"_links":{"self":[{"href":"https:\/\/larepublicanews.com.do\/live\/wp-json\/wp\/v2\/posts\/2024","targetHints":{"allow":["GET"]}}],"collection":[{"href":"https:\/\/larepublicanews.com.do\/live\/wp-json\/wp\/v2\/posts"}],"about":[{"href":"https:\/\/larepublicanews.com.do\/live\/wp-json\/wp\/v2\/types\/post"}],"author":[{"embeddable":true,"href":"https:\/\/larepublicanews.com.do\/live\/wp-json\/wp\/v2\/users\/2"}],"replies":[{"embeddable":true,"href":"https:\/\/larepublicanews.com.do\/live\/wp-json\/wp\/v2\/comments?post=2024"}],"version-history":[{"count":1,"href":"https:\/\/larepublicanews.com.do\/live\/wp-json\/wp\/v2\/posts\/2024\/revisions"}],"predecessor-version":[{"id":2026,"href":"https:\/\/larepublicanews.com.do\/live\/wp-json\/wp\/v2\/posts\/2024\/revisions\/2026"}],"wp:featuredmedia":[{"embeddable":true,"href":"https:\/\/larepublicanews.com.do\/live\/wp-json\/wp\/v2\/media\/2025"}],"wp:attachment":[{"href":"https:\/\/larepublicanews.com.do\/live\/wp-json\/wp\/v2\/media?parent=2024"}],"wp:term":[{"taxonomy":"category","embeddable":true,"href":"https:\/\/larepublicanews.com.do\/live\/wp-json\/wp\/v2\/categories?post=2024"},{"taxonomy":"post_tag","embeddable":true,"href":"https:\/\/larepublicanews.com.do\/live\/wp-json\/wp\/v2\/tags?post=2024"}],"curies":[{"name":"wp","href":"https:\/\/api.w.org\/{rel}","templated":true}]}}