{"id":2021,"date":"2022-08-07T14:34:20","date_gmt":"2022-08-07T14:34:20","guid":{"rendered":"https:\/\/larepublicanews.com.do\/live\/?p=2021"},"modified":"2022-08-07T14:42:34","modified_gmt":"2022-08-07T14:42:34","slug":"canada-envia-a-rd-un-sistema-de-excavacion-para-rescatar-a-mineros-atrapados-en-la-mina-cerro-maimon","status":"publish","type":"post","link":"https:\/\/larepublicanews.com.do\/live\/canada-envia-a-rd-un-sistema-de-excavacion-para-rescatar-a-mineros-atrapados-en-la-mina-cerro-maimon\/","title":{"rendered":"Canad\u00e1 env\u00eda a RD un sistema de excavaci\u00f3n para rescatar a mineros atrapados en la mina Cerro Maim\u00f3n"},"content":{"rendered":"<h2 class=\"subhead\" data-reader-unique-id=\"subheadElement\">Un avi\u00f3n militar Boeing C-17 Globemaster partir\u00e1 en las pr\u00f3ximas horas hacia el pa\u00eds con un sistema de excavaci\u00f3n minera, compuesto por m\u00e1quinas, herramientas, diversas tecnolog\u00edas de rescate con m\u00e1s de 52,000 libras<\/h2>\n<p data-reader-unique-id=\"1\">El Gobierno Federal de Canad\u00e1 accedi\u00f3 a una solicitud de ayuda presentada por la Rep\u00fablica Dominicana de proveer equipos y personal entrenado para ayudar <strong data-reader-unique-id=\"2\">al rescate de los mineros<a href=\"https:\/\/listindiario.com\/la-republica\/2022\/08\/04\/732953\/mineros-con-buen-animo-en-su-quinto-dia-bajo-tierra-en-cerro-maimon\" target=\"_blank\" rel=\"noopener\" data-reader-unique-id=\"3\"><span data-reader-unique-id=\"4\"> Gregory Alexander P\u00e9rez y Carlos Yepes,<\/span><\/a><\/strong>atrapados en la mina Cerro Maim\u00f3n desde el pasado domingo.<\/p>\n<p data-reader-unique-id=\"5\">De acuerdo con un comunicado de prensa, un avi\u00f3n militar Boeing C-17 Globemaster partir\u00e1 en las pr\u00f3ximas horas hacia el pa\u00eds <strong data-reader-unique-id=\"6\">con un sistema de excavaci\u00f3n minera,<\/strong> compuesto por m\u00e1quinas, herramientas, diversas tecnolog\u00edas de rescate con m\u00e1s de 52,000 libras.<\/p>\n<p data-reader-unique-id=\"10\">El documento tambi\u00e9n indica que entre los equipos que transporta la aeronave que aterrizar\u00eda en el Aeropuerto Internacional las Am\u00e9ricas Jos\u00e9 Francisco Pe\u00f1a G\u00f3mez, <strong data-reader-unique-id=\"11\">figuran un\u00a0\u00a0taladro Cubex Modelo 6200, que pesa m\u00e1s de 25,000 libras con su m\u00e1stil.<\/strong><\/p>\n<p data-reader-unique-id=\"12\">As\u00ed como <strong data-reader-unique-id=\"13\">un Booster R-110 Cubex<\/strong>, refuerzo de equipo de 8,500 libras, adem\u00e1s de estantes de varillas, transformadores y material diverso componen el resto de los equipos.<\/p>\n<p data-reader-unique-id=\"14\">\u201cLa ayuda a la Rep\u00fablica Dominicana de parte de Canad\u00e1 para el rescate de los mineros\u00a0Gregory Alexander M\u00e9ndez Torres y\u00a0\u00a0Carlos Y\u00e9pez Ospina, se ejecuta en coordinaci\u00f3n con los ministerios de Relaciones Exteriores, de Defensa, las Fuerzas Armadas de Canad\u00e1 y sus contrapartes en la Rep\u00fablica Dominicana\u201d, indica la misiva.<\/p>\n<p data-reader-unique-id=\"18\">Asimismo, se\u00f1ala que<strong data-reader-unique-id=\"19\"> la aeronave llegar\u00e1 a suelo dominicano este domingo 7 de agosto <\/strong>desde el Aeropuerto Regional de Val-d\u2019Or, localizado a cinco horas al norte de Ottawa, y aterrizando en el Aeropuerto Internacional de Las Am\u00e9ricas en la tarde del mismo d\u00eda.<\/p>\n<p data-reader-unique-id=\"21\">Dichos equipos facilitados para la operaci\u00f3n de rescate \u00abes un gesto solidario de car\u00e1cter humanitario- por la empresa Machines Roger International, una minera establecida en Val-d\u2019Or, Canad\u00e1 y, la ministra de Relaciones Exteriores de Canad\u00e1, Melaine Joly\u201d.<\/p>\n<p data-reader-unique-id=\"25\">La solicitud del Gobierno dominicano a Canad\u00e1 fue realizada bajo la coordinaci\u00f3n directa del presidente Luis Abinader; el canciller Roberto \u00c1lvarez y la embajadora en Canad\u00e1, Michelle Cohen.<\/p>\n","protected":false},"excerpt":{"rendered":"<p>Un avi\u00f3n militar Boeing C-17 Globemaster partir\u00e1 en las pr\u00f3ximas horas hacia el pa\u00eds con un sistema de excavaci\u00f3n minera, compuesto por m\u00e1quinas, herramientas, diversas tecnolog\u00edas de rescate con m\u00e1s de 52,000 libras El Gobierno Federal de Canad\u00e1 accedi\u00f3 a una solicitud de ayuda presentada por la Rep\u00fablica Dominicana de proveer equipos y personal entrenado para ayudar al rescate de los mineros Gregory Alexander P\u00e9rez y Carlos Yepes,atrapados en la mina Cerro Maim\u00f3n desde el pasado domingo. De acuerdo con un comunicado de prensa, un avi\u00f3n militar Boeing C-17 Globemaster&hellip;<\/p>\n","protected":false},"author":2,"featured_media":2022,"comment_status":"open","ping_status":"open","sticky":false,"template":"","format":"standard","meta":{"rop_custom_images_group":[],"rop_custom_messages_group":[],"rop_publish_now":"initial","rop_publish_now_accounts":[],"rop_publish_now_history":[],"rop_publish_now_status":"pending","footnotes":""},"categories":[2,18,25],"tags":[373,379,114,377,380,374,121,370,375,376,378,372],"class_list":["post-2021","post","type-post","status-publish","format-standard","has-post-thumbnail","hentry","category-actualidad","category-world","category-portada","tag-ayudas","tag-barrick-gold","tag-canada","tag-cotui","tag-energia-y-minas","tag-equipo-salvavidas","tag-luis-abinader","tag-maimon","tag-michelle-cohen","tag-minas","tag-pueblo-viejo","tag-rescate"],"_links":{"self":[{"href":"https:\/\/larepublicanews.com.do\/live\/wp-json\/wp\/v2\/posts\/2021","targetHints":{"allow":["GET"]}}],"collection":[{"href":"https:\/\/larepublicanews.com.do\/live\/wp-json\/wp\/v2\/posts"}],"about":[{"href":"https:\/\/larepublicanews.com.do\/live\/wp-json\/wp\/v2\/types\/post"}],"author":[{"embeddable":true,"href":"https:\/\/larepublicanews.com.do\/live\/wp-json\/wp\/v2\/users\/2"}],"replies":[{"embeddable":true,"href":"https:\/\/larepublicanews.com.do\/live\/wp-json\/wp\/v2\/comments?post=2021"}],"version-history":[{"count":1,"href":"https:\/\/larepublicanews.com.do\/live\/wp-json\/wp\/v2\/posts\/2021\/revisions"}],"predecessor-version":[{"id":2023,"href":"https:\/\/larepublicanews.com.do\/live\/wp-json\/wp\/v2\/posts\/2021\/revisions\/2023"}],"wp:featuredmedia":[{"embeddable":true,"href":"https:\/\/larepublicanews.com.do\/live\/wp-json\/wp\/v2\/media\/2022"}],"wp:attachment":[{"href":"https:\/\/larepublicanews.com.do\/live\/wp-json\/wp\/v2\/media?parent=2021"}],"wp:term":[{"taxonomy":"category","embeddable":true,"href":"https:\/\/larepublicanews.com.do\/live\/wp-json\/wp\/v2\/categories?post=2021"},{"taxonomy":"post_tag","embeddable":true,"href":"https:\/\/larepublicanews.com.do\/live\/wp-json\/wp\/v2\/tags?post=2021"}],"curies":[{"name":"wp","href":"https:\/\/api.w.org\/{rel}","templated":true}]}}