{"id":2017,"date":"2022-07-29T10:49:11","date_gmt":"2022-07-29T10:49:11","guid":{"rendered":"https:\/\/larepublicanews.com.do\/live\/?p=2017"},"modified":"2022-07-29T10:49:11","modified_gmt":"2022-07-29T10:49:11","slug":"cmd-y-el-gobierno-logran-acuerdos-preliminares-en-torno-a-demandas","status":"publish","type":"post","link":"https:\/\/larepublicanews.com.do\/live\/cmd-y-el-gobierno-logran-acuerdos-preliminares-en-torno-a-demandas\/","title":{"rendered":"CMD y el Gobierno logran acuerdos preliminares en torno a demandas."},"content":{"rendered":"<p>Santo Domingo, Distrito Nacional.<\/p>\n<p style=\"text-align: center;\">El Colegio M\u00e9dico Dominicano y el Gobierno arribaron este jueves en la noche a acuerdos preliminares entre los cuales elev\u00f3 su voz de protesta frente a los atropellos de que fueron v\u00edctima los m\u00e9dicos que en la ma\u00f1ana de este mi\u00e9rcoles marchaban hacia el Palacio Nacional a protestar por una serie de demandas del sector.<\/p>\n<p>El doctor Sen\u00e9n caba, presidente del CMD dijo que los galenos expresaron en primer lugar su rechazo a las agresiones de parte de la Polic\u00eda Nacional y pidieron sancionar a los agentes del orden que provocaron entre otras cosas, lesiones a la representante del CMD en la regi\u00f3n Este que presenta rotura del peron\u00e9 en su pierna izquierda, adem\u00e1s de agresiones a la prensa que cubr\u00eda el evento.<\/p>\n<p>Caba dijo que la comisi\u00f3n de los m\u00e9dicos acord\u00f3 con el Gobierno varios puntos entre los que cit\u00f3:<\/p>\n<p>1- El Hospital Padre Billini ser\u00e1 abierto al p\u00fablico el d\u00eda 4 de agosto en su condici\u00f3n de hospital p\u00fablico, abierto y gratuito para la poblaci\u00f3n. El voluntariado de este centro de salud estar\u00e1 conformado por miembros de la comunidad, que adem\u00e1s lo presidir\u00e1. No tendr\u00e1 funciones administrativas.<\/p>\n<p>2- El hospital Dr. Luis E. Aybar empezar\u00e1 a aperturar una serie de \u00e1reas para ir incorporando la comunidad en la provisi\u00f3n de los servicios que vaya necesitando. Este centro presenta una serie de situaciones de orden jur\u00eddico y econ\u00f3mico de la gesti\u00f3n pasada, que ralentizan la apertura total del mismo.<\/p>\n<p>3-El hospital Dr. Salvador B Gautier va a ser intervenido por el Gobierno a partir del lunes primero de agosto, increment\u00e1ndose el presupuesto que recibe de manera paulatina y asumiendo adem\u00e1s otras \u00e1reas cr\u00edticas, es un proceso de gesti\u00f3n conjunta entre los m\u00e9dicos y el propio Gobierno<\/p>\n<p>4-En lo que tiene que ver con las pensiones y jubilaciones, el pr\u00f3ximo mi\u00e9rcoles qued\u00f3<br \/>\npautada una reuni\u00f3n entre el ministerio de Hacienda, el director de Pensiones y Jubilaciones y por el Consejo Nacional de la Seguridad Social, estar\u00e1 su representante.<\/p>\n<p>5-En cuanto a los incentivos por distancia, desempe\u00f1o y antig\u00fcedad en el servicio, ser\u00e1n resarcidos los m\u00e9dicos a partir del mes de septiembre, ya que se tiene que hacer una investigaci\u00f3n de la situaci\u00f3n particular de las personas en t\u00e9rminos del tiempo que tienen laborando en la instituci\u00f3n.<\/p>\n<p>6-En lo relativo a los m\u00e9dicos, cancelados y\/o desvinculados, quedar\u00e1n desde este momento detenidas estas medidas, igual que los atropellos y vejaciones.<br \/>\nSer\u00e1n llamados a cap\u00edtulo todos aquellos que contin\u00faen procediendo de manera irrespetuosa con los m\u00e9dicos.<\/p>\n<p>7-En los pr\u00f3ximos 15 d\u00edas ser\u00e1n publicadas 1,000 plazas para m\u00e9dicos especialistas y m\u00e9dicos generales en todo el pa\u00eds en combinaci\u00f3n entre el Gobierno y el Colegio M\u00e9dico Dominicano mediante concurso de oposici\u00f3n.<\/p>\n<p>8-Los m\u00e9dicos contratados para atender los casos de COVID seguir\u00e1n en sus puestos y en diciembre ese trabajo ser\u00e1n ubicados en otros puestos donde puedan seguir haciendo una labores encomiables.<\/p>\n<p>Direcci\u00f3n de Comunicaci\u00f3n Estrat\u00e9gica.-<\/p>\n","protected":false},"excerpt":{"rendered":"<p>Santo Domingo, Distrito Nacional. El Colegio M\u00e9dico Dominicano y el Gobierno arribaron este jueves en la noche a acuerdos preliminares entre los cuales elev\u00f3 su voz de protesta frente a los atropellos de que fueron v\u00edctima los m\u00e9dicos que en la ma\u00f1ana de este mi\u00e9rcoles marchaban hacia el Palacio Nacional a protestar por una serie de demandas del sector. El doctor Sen\u00e9n caba, presidente del CMD dijo que los galenos expresaron en primer lugar su rechazo a las agresiones de parte de la Polic\u00eda Nacional y pidieron sancionar a los&hellip;<\/p>\n","protected":false},"author":2,"featured_media":2018,"comment_status":"open","ping_status":"open","sticky":false,"template":"","format":"standard","meta":{"rop_custom_images_group":[],"rop_custom_messages_group":[],"rop_publish_now":"initial","rop_publish_now_accounts":[],"rop_publish_now_history":[],"rop_publish_now_status":"pending","footnotes":""},"categories":[2,66,22,25,26,64],"tags":[367,364,365,366,261,368],"class_list":["post-2017","post","type-post","status-publish","format-standard","has-post-thumbnail","hentry","category-actualidad","category-gobierno","category-noticia","category-portada","category-protesta","category-salud-publica","tag-acuerdo","tag-cmd","tag-colegio-medico","tag-protesta","tag-salud","tag-vicepresidencidenta"],"_links":{"self":[{"href":"https:\/\/larepublicanews.com.do\/live\/wp-json\/wp\/v2\/posts\/2017","targetHints":{"allow":["GET"]}}],"collection":[{"href":"https:\/\/larepublicanews.com.do\/live\/wp-json\/wp\/v2\/posts"}],"about":[{"href":"https:\/\/larepublicanews.com.do\/live\/wp-json\/wp\/v2\/types\/post"}],"author":[{"embeddable":true,"href":"https:\/\/larepublicanews.com.do\/live\/wp-json\/wp\/v2\/users\/2"}],"replies":[{"embeddable":true,"href":"https:\/\/larepublicanews.com.do\/live\/wp-json\/wp\/v2\/comments?post=2017"}],"version-history":[{"count":1,"href":"https:\/\/larepublicanews.com.do\/live\/wp-json\/wp\/v2\/posts\/2017\/revisions"}],"predecessor-version":[{"id":2019,"href":"https:\/\/larepublicanews.com.do\/live\/wp-json\/wp\/v2\/posts\/2017\/revisions\/2019"}],"wp:featuredmedia":[{"embeddable":true,"href":"https:\/\/larepublicanews.com.do\/live\/wp-json\/wp\/v2\/media\/2018"}],"wp:attachment":[{"href":"https:\/\/larepublicanews.com.do\/live\/wp-json\/wp\/v2\/media?parent=2017"}],"wp:term":[{"taxonomy":"category","embeddable":true,"href":"https:\/\/larepublicanews.com.do\/live\/wp-json\/wp\/v2\/categories?post=2017"},{"taxonomy":"post_tag","embeddable":true,"href":"https:\/\/larepublicanews.com.do\/live\/wp-json\/wp\/v2\/tags?post=2017"}],"curies":[{"name":"wp","href":"https:\/\/api.w.org\/{rel}","templated":true}]}}