{"id":2013,"date":"2022-07-27T12:10:32","date_gmt":"2022-07-27T12:10:32","guid":{"rendered":"https:\/\/larepublicanews.com.do\/live\/?p=2013"},"modified":"2022-07-27T12:24:52","modified_gmt":"2022-07-27T12:24:52","slug":"comunicadora-denuncia-su-vivienda-se-incendia-por-negligencia-de-edeste","status":"publish","type":"post","link":"https:\/\/larepublicanews.com.do\/live\/comunicadora-denuncia-su-vivienda-se-incendia-por-negligencia-de-edeste\/","title":{"rendered":"Comunicadora denuncia su vivienda se incendia por negligencia de EDESTE."},"content":{"rendered":"<p>La comunicadora Winnie Rodr\u00edguez denunci\u00f3 que su residencia se incendi\u00f3 por negligencia de la empresa de Distribuidora de Electricidad del ESTE (EDEESTE)<\/p>\n<p>A trav\u00e9s de la red social de twitter indic\u00f3 \u201cGracias @EdeesteRD hace unos d\u00edas hice un reporte de la energ\u00eda el\u00e9ctrica, no me resolvieron hoy mi casa cogio fuego. Gracias a Dios, ni mis hijos, ni mi esposo est\u00e1bamos en la vivienda.\u201d<\/p>\n<p>Adem\u00e1s agreg\u00f3 que en el mes de julio hab\u00eda realizado varios reportes por la inestabilidad de la energ\u00eda el\u00e9ctrica en la residencia y la empresa actu\u00f3 con Negligencia.<\/p>\n<p>\u201cDesde el 5 de julio ten\u00edamos reportes 158726. Por alto voltaje, viviendas sin luz, el \u00faltimo reporte fue el 22 de julio 176147. El 23 de julio se hizo de manera presencial 6480732 para el cambio del Neutro y limpieza de la caja distribuidora de energ\u00eda \u201c agreg\u00f3 Rodr\u00edguez<\/p>\n","protected":false},"excerpt":{"rendered":"<p>La comunicadora Winnie Rodr\u00edguez denunci\u00f3 que su residencia se incendi\u00f3 por negligencia de la empresa de Distribuidora de Electricidad del ESTE (EDEESTE) A trav\u00e9s de la red social de twitter indic\u00f3 \u201cGracias @EdeesteRD hace unos d\u00edas hice un reporte de la energ\u00eda el\u00e9ctrica, no me resolvieron hoy mi casa cogio fuego. Gracias a Dios, ni mis hijos, ni mi esposo est\u00e1bamos en la vivienda.\u201d Adem\u00e1s agreg\u00f3 que en el mes de julio hab\u00eda realizado varios reportes por la inestabilidad de la energ\u00eda el\u00e9ctrica en la residencia y la empresa actu\u00f3&hellip;<\/p>\n","protected":false},"author":2,"featured_media":2016,"comment_status":"open","ping_status":"open","sticky":false,"template":"","format":"standard","meta":{"rop_custom_images_group":[],"rop_custom_messages_group":[],"rop_publish_now":"initial","rop_publish_now_accounts":[],"rop_publish_now_history":[],"rop_publish_now_status":"pending","footnotes":""},"categories":[66,22,26],"tags":[361,363,338,362],"class_list":["post-2013","post","type-post","status-publish","format-standard","has-post-thumbnail","hentry","category-gobierno","category-noticia","category-protesta","tag-edeeste","tag-energia","tag-gobierno-dominicano","tag-incendio"],"_links":{"self":[{"href":"https:\/\/larepublicanews.com.do\/live\/wp-json\/wp\/v2\/posts\/2013","targetHints":{"allow":["GET"]}}],"collection":[{"href":"https:\/\/larepublicanews.com.do\/live\/wp-json\/wp\/v2\/posts"}],"about":[{"href":"https:\/\/larepublicanews.com.do\/live\/wp-json\/wp\/v2\/types\/post"}],"author":[{"embeddable":true,"href":"https:\/\/larepublicanews.com.do\/live\/wp-json\/wp\/v2\/users\/2"}],"replies":[{"embeddable":true,"href":"https:\/\/larepublicanews.com.do\/live\/wp-json\/wp\/v2\/comments?post=2013"}],"version-history":[{"count":1,"href":"https:\/\/larepublicanews.com.do\/live\/wp-json\/wp\/v2\/posts\/2013\/revisions"}],"predecessor-version":[{"id":2015,"href":"https:\/\/larepublicanews.com.do\/live\/wp-json\/wp\/v2\/posts\/2013\/revisions\/2015"}],"wp:featuredmedia":[{"embeddable":true,"href":"https:\/\/larepublicanews.com.do\/live\/wp-json\/wp\/v2\/media\/2016"}],"wp:attachment":[{"href":"https:\/\/larepublicanews.com.do\/live\/wp-json\/wp\/v2\/media?parent=2013"}],"wp:term":[{"taxonomy":"category","embeddable":true,"href":"https:\/\/larepublicanews.com.do\/live\/wp-json\/wp\/v2\/categories?post=2013"},{"taxonomy":"post_tag","embeddable":true,"href":"https:\/\/larepublicanews.com.do\/live\/wp-json\/wp\/v2\/tags?post=2013"}],"curies":[{"name":"wp","href":"https:\/\/api.w.org\/{rel}","templated":true}]}}