{"id":2010,"date":"2022-07-20T00:01:03","date_gmt":"2022-07-20T00:01:03","guid":{"rendered":"https:\/\/larepublicanews.com.do\/live\/?p=2010"},"modified":"2022-07-20T00:01:03","modified_gmt":"2022-07-20T00:01:03","slug":"paralizacion-en-san-felipe-de-villa-mella-convocado-por-los-comunitarios","status":"publish","type":"post","link":"https:\/\/larepublicanews.com.do\/live\/paralizacion-en-san-felipe-de-villa-mella-convocado-por-los-comunitarios\/","title":{"rendered":"Paralizaci\u00f3n en San Felipe de Villa Mella convocado por los comunitarios"},"content":{"rendered":"<p>Santo Domingo<\/p>\n<p>19 julio 2022<\/p>\n<p>Entre distintas comunidades unidas bajo un mismo prop\u00f3sito en la ma\u00f1ana de hoy, estuvieron presente en su convocatoria por la paralizaci\u00f3n de San Felipe de Villa Mella; La Coalici\u00f3n Comunitaria de San Felipe de Villa Mella, asociaci\u00f3n de J\u00f3venes emprendedores, asociaci\u00f3n de Juntas de Vecinos de Villa Mella Norte y los Transportistas de Villa mella y San Felipe, unidos en demanda por reclamo de los contenes a sus deberes correspondiente a la alcald\u00eda, puesto que los sectores luchan para tener calles dignas.<\/p>\n<p>Roberto Medina presidente de la Coalici\u00f3n Comunitaria de San Felipe de Villa Mella, expres\u00f3 que : Las autoridades de Obras p\u00fablicas andan en chipetas y bien montados y no hay una capacidad de cumplir con sus funciones a mejorar las calles de est\u00e1 comunidad. San Felipe de Villa Mella actualmente no tiene calle sino camino vecinales, por tal raz\u00f3n necesitamos que resuelvan o renuncien a sus posiciones, ya que est\u00e1 es la funci\u00f3n para resolver de Obras p\u00fablicas.<\/p>\n<p>Cabe resaltar que se ha accionado en un proceso de lucha ardua para que las autoridades acudieran al llamado de mejorar las condiciones de vida de nuestros habitantes, espec\u00edficamente el asfaltado de nuestros barrios, por tal raz\u00f3n se convoc\u00f3 dicho reclamo a trav\u00e9s de los medios de comunicaci\u00f3n este llamado.<\/p>\n<p>Reconociendo que las autoridades de obras p\u00fablicas han iniciado la construcci\u00f3n de aceras y contenes en dos de los m\u00e1s de 40 sectores que viven en el abandono total, no menos cierto es que las autoridades ha incumplido el compromiso asumido por el ministro de obras p\u00fablicas el cual Deligne Ascensi\u00f3n cuando fue a San Felipe y dijo que mientras se construir\u00edan aceras y contenes tambi\u00e9n a la par se estar\u00eda trabajando en el asfaltado de los m\u00e1s de 20 sectores que est\u00e1n listos para pavimentar.<\/p>\n<p>Todos los comunitarios y afectados ante esta situaci\u00f3n buscamos repuesta lo mas pronto posible, porque el tiempo del proceso de espera a sido bastante extenso y aun seguimos en la misma problem\u00e1tica, sin recibir ning\u00fan accionar al terminar lo propuesto y acordado por las autoridades competente. Seguiremos en la lucha de protestas hasta resolver dicha situaci\u00f3n comunitaria.<\/p>\n","protected":false},"excerpt":{"rendered":"<p>Santo Domingo 19 julio 2022 Entre distintas comunidades unidas bajo un mismo prop\u00f3sito en la ma\u00f1ana de hoy, estuvieron presente en su convocatoria por la paralizaci\u00f3n de San Felipe de Villa Mella; La Coalici\u00f3n Comunitaria de San Felipe de Villa Mella, asociaci\u00f3n de J\u00f3venes emprendedores, asociaci\u00f3n de Juntas de Vecinos de Villa Mella Norte y los Transportistas de Villa mella y San Felipe, unidos en demanda por reclamo de los contenes a sus deberes correspondiente a la alcald\u00eda, puesto que los sectores luchan para tener calles dignas. Roberto Medina presidente&hellip;<\/p>\n","protected":false},"author":2,"featured_media":2011,"comment_status":"open","ping_status":"open","sticky":false,"template":"","format":"standard","meta":{"rop_custom_images_group":[],"rop_custom_messages_group":[],"rop_publish_now":"initial","rop_publish_now_accounts":[],"rop_publish_now_history":[],"rop_publish_now_status":"pending","footnotes":""},"categories":[2,66,21,22],"tags":[358,356,357,360,359],"class_list":["post-2010","post","type-post","status-publish","format-standard","has-post-thumbnail","hentry","category-actualidad","category-gobierno","category-medio-ambiente","category-noticia","tag-barrios","tag-calles","tag-comunidades","tag-obras-publicas","tag-santo-domingo-norte"],"_links":{"self":[{"href":"https:\/\/larepublicanews.com.do\/live\/wp-json\/wp\/v2\/posts\/2010","targetHints":{"allow":["GET"]}}],"collection":[{"href":"https:\/\/larepublicanews.com.do\/live\/wp-json\/wp\/v2\/posts"}],"about":[{"href":"https:\/\/larepublicanews.com.do\/live\/wp-json\/wp\/v2\/types\/post"}],"author":[{"embeddable":true,"href":"https:\/\/larepublicanews.com.do\/live\/wp-json\/wp\/v2\/users\/2"}],"replies":[{"embeddable":true,"href":"https:\/\/larepublicanews.com.do\/live\/wp-json\/wp\/v2\/comments?post=2010"}],"version-history":[{"count":1,"href":"https:\/\/larepublicanews.com.do\/live\/wp-json\/wp\/v2\/posts\/2010\/revisions"}],"predecessor-version":[{"id":2012,"href":"https:\/\/larepublicanews.com.do\/live\/wp-json\/wp\/v2\/posts\/2010\/revisions\/2012"}],"wp:featuredmedia":[{"embeddable":true,"href":"https:\/\/larepublicanews.com.do\/live\/wp-json\/wp\/v2\/media\/2011"}],"wp:attachment":[{"href":"https:\/\/larepublicanews.com.do\/live\/wp-json\/wp\/v2\/media?parent=2010"}],"wp:term":[{"taxonomy":"category","embeddable":true,"href":"https:\/\/larepublicanews.com.do\/live\/wp-json\/wp\/v2\/categories?post=2010"},{"taxonomy":"post_tag","embeddable":true,"href":"https:\/\/larepublicanews.com.do\/live\/wp-json\/wp\/v2\/tags?post=2010"}],"curies":[{"name":"wp","href":"https:\/\/api.w.org\/{rel}","templated":true}]}}