{"id":2000,"date":"2022-07-15T01:16:44","date_gmt":"2022-07-15T01:16:44","guid":{"rendered":"https:\/\/larepublicanews.com.do\/live\/?p=2000"},"modified":"2022-07-15T01:16:44","modified_gmt":"2022-07-15T01:16:44","slug":"anuncian-el-primer-festival-playa-dorada-music-tours","status":"publish","type":"post","link":"https:\/\/larepublicanews.com.do\/live\/anuncian-el-primer-festival-playa-dorada-music-tours\/","title":{"rendered":"Anuncian el primer festival Playa Dorada Music Tours"},"content":{"rendered":"<ul>\n<li>Tres d\u00edas todo incluido con las principales orquestas de merengue y exponentes urbanos del pa\u00eds.<\/li>\n<\/ul>\n<p>Santo Domingo, D.N. El primer festival de cierre de verano se llevar\u00e1 a cabo del 23 al 25 de septiembre en el Centro de Convenci\u00f3n, Blue JackTar Playa Dorada, Puerto Plata. Tres noches de conciertos en la que podr\u00e1s disfrutar de las mejores orquestas de merengue, ritmo declarado Patrimonio Cultural Inmaterial de la Humanidad ante la Unesco y la m\u00fasica Urbana que hoy en d\u00eda es el g\u00e9nero de moda en la Juventud dominicana.<\/p>\n<p>Dentro de la gran cartelera musical estar\u00e1 Omega El Fuerte, el Nene La Amenazzy, Shadow Blow, DJ Sets OPG, y Camilo Taveras adem\u00e1s de otras atracciones, un Pool Party, juegos de playa, y zip Line.<\/p>\n<p>Con el objetivo de aportar sana diversi\u00f3n y los diferentes atractivos de la zona que ofrece el turismo de Puerto Plata, coloc\u00e1ndolo dentro de uno del destino a la altura de otros polos turisticoa adem\u00e1s, el p\u00fablico nacional y extranjero podr\u00e1 disfrutar de los m\u00e1s suculentos platos de la gastronom\u00eda dominicana.<\/p>\n<p>M\u00e1s informaci\u00f3n en las redes sociales de 4 Ruta travel y Negrette Travel, quienes estar\u00e1n brindando los servicios todo incluido en la mejor Fiesta del cierre del verano 2022, en el Para\u00edso que nos brinda Playa Dorada.<\/p>\n<p>@playadoramusictour<\/p>\n","protected":false},"excerpt":{"rendered":"<p>Tres d\u00edas todo incluido con las principales orquestas de merengue y exponentes urbanos del pa\u00eds. Santo Domingo, D.N. El primer festival de cierre de verano se llevar\u00e1 a cabo del 23 al 25 de septiembre en el Centro de Convenci\u00f3n, Blue JackTar Playa Dorada, Puerto Plata. Tres noches de conciertos en la que podr\u00e1s disfrutar de las mejores orquestas de merengue, ritmo declarado Patrimonio Cultural Inmaterial de la Humanidad ante la Unesco y la m\u00fasica Urbana que hoy en d\u00eda es el g\u00e9nero de moda en la Juventud dominicana. Dentro&hellip;<\/p>\n","protected":false},"author":2,"featured_media":2001,"comment_status":"open","ping_status":"open","sticky":false,"template":"","format":"standard","meta":{"rop_custom_images_group":[],"rop_custom_messages_group":[],"rop_publish_now":"initial","rop_publish_now_accounts":[],"rop_publish_now_history":[],"rop_publish_now_status":"pending","footnotes":""},"categories":[3,13,14,53],"tags":[307,353,351,354,228,352,230,233],"class_list":["post-2000","post","type-post","status-publish","format-standard","has-post-thumbnail","hentry","category-artista","category-entretenimiento","category-espectaculos","category-turismo","tag-espectaculo","tag-music","tag-omega","tag-playa-dorada","tag-punta-cana","tag-resort","tag-tours","tag-turismo"],"_links":{"self":[{"href":"https:\/\/larepublicanews.com.do\/live\/wp-json\/wp\/v2\/posts\/2000","targetHints":{"allow":["GET"]}}],"collection":[{"href":"https:\/\/larepublicanews.com.do\/live\/wp-json\/wp\/v2\/posts"}],"about":[{"href":"https:\/\/larepublicanews.com.do\/live\/wp-json\/wp\/v2\/types\/post"}],"author":[{"embeddable":true,"href":"https:\/\/larepublicanews.com.do\/live\/wp-json\/wp\/v2\/users\/2"}],"replies":[{"embeddable":true,"href":"https:\/\/larepublicanews.com.do\/live\/wp-json\/wp\/v2\/comments?post=2000"}],"version-history":[{"count":1,"href":"https:\/\/larepublicanews.com.do\/live\/wp-json\/wp\/v2\/posts\/2000\/revisions"}],"predecessor-version":[{"id":2002,"href":"https:\/\/larepublicanews.com.do\/live\/wp-json\/wp\/v2\/posts\/2000\/revisions\/2002"}],"wp:featuredmedia":[{"embeddable":true,"href":"https:\/\/larepublicanews.com.do\/live\/wp-json\/wp\/v2\/media\/2001"}],"wp:attachment":[{"href":"https:\/\/larepublicanews.com.do\/live\/wp-json\/wp\/v2\/media?parent=2000"}],"wp:term":[{"taxonomy":"category","embeddable":true,"href":"https:\/\/larepublicanews.com.do\/live\/wp-json\/wp\/v2\/categories?post=2000"},{"taxonomy":"post_tag","embeddable":true,"href":"https:\/\/larepublicanews.com.do\/live\/wp-json\/wp\/v2\/tags?post=2000"}],"curies":[{"name":"wp","href":"https:\/\/api.w.org\/{rel}","templated":true}]}}