{"id":1996,"date":"2022-07-07T18:50:03","date_gmt":"2022-07-07T18:50:03","guid":{"rendered":"https:\/\/larepublicanews.com.do\/live\/?p=1996"},"modified":"2022-07-07T18:50:03","modified_gmt":"2022-07-07T18:50:03","slug":"al-aire-libre-con-eduardo-santos-regresa-a-power-103-7fm-a-partir-del-lunes-11-de-julio-2022","status":"publish","type":"post","link":"https:\/\/larepublicanews.com.do\/live\/al-aire-libre-con-eduardo-santos-regresa-a-power-103-7fm-a-partir-del-lunes-11-de-julio-2022\/","title":{"rendered":"\u201cAl Aire Libre\u201d con Eduardo Santos regresa a Power 103.7FM a partir del lunes 11 de Julio 2022"},"content":{"rendered":"<p>Santo Domingo. &#8211; Luego de tres a\u00f1os en la emisora Top Latina, el programa \u201cAl Aire Libre\u201d regresa a su casa Power 103.7 FM, con motivo de su 9no a\u00f1o al aire, El productor Eduardo Santos y todo su elenco estar\u00e1 a partir del 11 de Julio 2022 por en esta frecuencia a las dos de la tarde, uni\u00e9ndose a una nueva parrilla de entretenimiento con m\u00e1s \u201cPOWER\u201d como lo cataloga la emisora.<\/p>\n<p>El programa Al Aire Libre est\u00e1 caracterizado por una combinaci\u00f3n de personalidades que conforman el elenco y que diariamente acompa\u00f1an a Eduardo Santos, ellos son: Naishme Santos, Somaily Castro, Hey Santana y H\u00e9ctor Bol\u00edvar \u201cBoli\u201d, el cual cuenta con los temas de la actualidad, noticias poco comunes y segmentos de inter\u00e9s, conjugan este espacio radial, con un toque popular, siempre resaltando nuestra dominicanidad.<\/p>\n<p>Me siento sumamente agradecido con el p\u00fablico fiel que durante tres a\u00f1os se ha mantenido con nosotros, a todo el elenco que conforma esta familia de \u201cAl Aire Libre\u201d, tenemos el compromiso de seguir brind\u00e1ndole a nuestros radio escucha un contenido de calidad y de entretenimiento sano para toda la familia. Afirmo el joven productor.<\/p>\n<p>Redes Sociales:<br \/>\n@airelibreonline \/ @eduardotv \/@power103fm \/ @boly18 \/ @somailytv \/<br \/>\n@heysantanayt \/ @naishme29<\/p>\n","protected":false},"excerpt":{"rendered":"<p>Santo Domingo. &#8211; Luego de tres a\u00f1os en la emisora Top Latina, el programa \u201cAl Aire Libre\u201d regresa a su casa Power 103.7 FM, con motivo de su 9no a\u00f1o al aire, El productor Eduardo Santos y todo su elenco estar\u00e1 a partir del 11 de Julio 2022 por en esta frecuencia a las dos de la tarde, uni\u00e9ndose a una nueva parrilla de entretenimiento con m\u00e1s \u201cPOWER\u201d como lo cataloga la emisora. El programa Al Aire Libre est\u00e1 caracterizado por una combinaci\u00f3n de personalidades que conforman el elenco y&hellip;<\/p>\n","protected":false},"author":2,"featured_media":1997,"comment_status":"open","ping_status":"open","sticky":false,"template":"","format":"standard","meta":{"rop_custom_images_group":[],"rop_custom_messages_group":[],"rop_publish_now":"initial","rop_publish_now_accounts":[],"rop_publish_now_history":[],"rop_publish_now_status":"pending","footnotes":""},"categories":[2,3,13],"tags":[347,350,348,349],"class_list":["post-1996","post","type-post","status-publish","format-standard","has-post-thumbnail","hentry","category-actualidad","category-artista","category-entretenimiento","tag-eduardo-santos","tag-emisora","tag-nuevo-programa","tag-power-103-7"],"_links":{"self":[{"href":"https:\/\/larepublicanews.com.do\/live\/wp-json\/wp\/v2\/posts\/1996","targetHints":{"allow":["GET"]}}],"collection":[{"href":"https:\/\/larepublicanews.com.do\/live\/wp-json\/wp\/v2\/posts"}],"about":[{"href":"https:\/\/larepublicanews.com.do\/live\/wp-json\/wp\/v2\/types\/post"}],"author":[{"embeddable":true,"href":"https:\/\/larepublicanews.com.do\/live\/wp-json\/wp\/v2\/users\/2"}],"replies":[{"embeddable":true,"href":"https:\/\/larepublicanews.com.do\/live\/wp-json\/wp\/v2\/comments?post=1996"}],"version-history":[{"count":1,"href":"https:\/\/larepublicanews.com.do\/live\/wp-json\/wp\/v2\/posts\/1996\/revisions"}],"predecessor-version":[{"id":1998,"href":"https:\/\/larepublicanews.com.do\/live\/wp-json\/wp\/v2\/posts\/1996\/revisions\/1998"}],"wp:featuredmedia":[{"embeddable":true,"href":"https:\/\/larepublicanews.com.do\/live\/wp-json\/wp\/v2\/media\/1997"}],"wp:attachment":[{"href":"https:\/\/larepublicanews.com.do\/live\/wp-json\/wp\/v2\/media?parent=1996"}],"wp:term":[{"taxonomy":"category","embeddable":true,"href":"https:\/\/larepublicanews.com.do\/live\/wp-json\/wp\/v2\/categories?post=1996"},{"taxonomy":"post_tag","embeddable":true,"href":"https:\/\/larepublicanews.com.do\/live\/wp-json\/wp\/v2\/tags?post=1996"}],"curies":[{"name":"wp","href":"https:\/\/api.w.org\/{rel}","templated":true}]}}