{"id":1993,"date":"2022-07-06T14:45:27","date_gmt":"2022-07-06T14:45:27","guid":{"rendered":"https:\/\/larepublicanews.com.do\/live\/?p=1993"},"modified":"2022-07-06T14:45:27","modified_gmt":"2022-07-06T14:45:27","slug":"asociacion-fotoperiodistas-reclaman-al-poder-ejecutivo-ser-incluidos-en-listado-de-pensiones","status":"publish","type":"post","link":"https:\/\/larepublicanews.com.do\/live\/asociacion-fotoperiodistas-reclaman-al-poder-ejecutivo-ser-incluidos-en-listado-de-pensiones\/","title":{"rendered":"Asociaci\u00f3n Fotoperiodistas reclaman al Poder Ejecutivo ser incluidos en listado de pensiones."},"content":{"rendered":"<p>40 % de los miembros de la Asociaci\u00f3n Dominicana de Fotoperiodistas esta en condiciones de pensi\u00f3n.<\/p>\n<p>Distrito Nacional. La Asociaci\u00f3n de Fotoperiodistas de Rep\u00fablica Dominicana (AFPRD), entidad que agrupa, representa y cuida los intereses de su membres\u00eda, adem\u00e1s de su permanente objetivo de estimular la formaci\u00f3n del fotorreportero dominicano como eje fundamental de su accionar, hoy se ve precisada de hacer de conocimiento p\u00fablico, una serie de se\u00f1alamientos que como instituci\u00f3n le preocupa, y que trata sobre el comportamiento que han asumido los organismos gubernamentales frente a esta organizaci\u00f3n, que est\u00e1 debidamente organizada, reconocida legal y socialmente por toda la comunidad period\u00edstica dado su correcto accionar y trabajo en favor de sus miembros.<\/p>\n<p>En primer lugar, debemos se\u00f1alar lo pr\u00e1cticamente imposible en esta gesti\u00f3n, y es poder establecer una comunicaci\u00f3n interinstitucional con los organismos gubernamentales competentes, a pesar de enviar reiteradas comunicaciones por las v\u00edas correspondientes, incluso sostener conversaciones telef\u00f3nicas con los incumbentes de esos organismos, y nunca, ni por cortes\u00eda, recibir una respuesta en uno u otro sentido.<\/p>\n<p>Nuestro m\u00e1s reciente intento, sucedi\u00f3 hace varios meses, con el sometimiento de un listado de 13 miembros para fines de pensi\u00f3n, miembros con una trayectoria de trabajo incuestionable, de los que gran parte tiene condiciones precarias de salud, avanzada edad y situaciones econ\u00f3micas de gran preocupaci\u00f3n, que como instituci\u00f3n nos ocupamos de verificar previamente y a la fecha no hemos recibido respuestas a nuestra solicitud en ning\u00fan sentido.<\/p>\n<p>Hace poco se inform\u00f3 de forma err\u00f3nea, en el decreto 323-22 emitido por el se\u00f1or presidente de la Rep\u00fablica Dominicana Lic. Luis Abinader Corona, que hay fotoperiodistas pensionados, lo que nuestra instituci\u00f3n desmiente, ya que a ningunos del listado que sometimos se les otorg\u00f3 pensi\u00f3n.<\/p>\n<p>Hacemos un llamado de atenci\u00f3n de forma p\u00fablica y directa, ya que por las v\u00edas y los procedimientos de lugar no ha sido posible lograr la atenci\u00f3n del Se\u00f1or presidente Luis Abinader, a modo de que atienda las solicitudes de nuestros compa\u00f1eros con padecimientos de alto cuidado en necesidad de su solidaridad.<\/p>\n<p>En la Asociaci\u00f3n de Fotoperiodistas de Rep\u00fablica Dominicana (AFPRD) somos una organizaci\u00f3n conformada por hombres y mujeres que han sido responsables de ser notarios gr\u00e1ficos de los m\u00e1s importantes eventos de la vida social y pol\u00edtica de nuestro pa\u00eds, en defensa de las libertades de expresi\u00f3n y garant\u00edas democr\u00e1ticas, junto a los dem\u00e1s actores de la comunicaci\u00f3n por decenas de a\u00f1os.<\/p>\n<p>Se\u00f1or presidente Luis Rodolfo Abinader Corona, merecemos un trato, valoraci\u00f3n y atenci\u00f3n c\u00f3nsono con los dem\u00e1s actores del sector de la comunicaci\u00f3n a los que usted acertadamente muestra su solidaridad y brinda su atenci\u00f3n, reconociendo la dedicaci\u00f3n y entrega a esta misi\u00f3n de comunicar con la verdad a trav\u00e9s de las im\u00e1genes, sabemos que en esta oportunidad no le mostraron lo que realmente fue sometido por nuestra organizaci\u00f3n y confiamos en que al momento de leer este comunicado recibiremos respuestas en uno u otro sentido.<\/p>\n<p>De igual importancia para nuestra organizaci\u00f3n, estaremos atentos a los intentos de varias iniciativas legislativas que, a nuestro juicio, como el de otras entidades del sector de la prensa y la sociedad civil, est\u00e1n procurando establecer limites al libre ejercicio de los trabajadores de la prensa, penalizar el accionar de los comunicadores con la denominada \u201cLey Mordaza\u201d, ley org\u00e1nica que regular\u00eda la protecci\u00f3n al derecho a la intimidad, aprobada ya en el Senado de la Rep\u00fablica.<\/p>\n<p>Creemos que el inter\u00e9s p\u00fablico, est\u00e1 por encima del inter\u00e9s privado, m\u00e1s a\u00fan cuando se trata de autoridades gubernamentales, adem\u00e1s que el trabajo period\u00edstico en procura del leg\u00edtimo inter\u00e9s de informar, de dar a conocer en el tiempo oportuno a la ciudadan\u00eda sin coacci\u00f3n ni penalizaci\u00f3n, debe mantenerse inalterable como lo garantiza nuestra constituci\u00f3n.<\/p>\n","protected":false},"excerpt":{"rendered":"<p>40 % de los miembros de la Asociaci\u00f3n Dominicana de Fotoperiodistas esta en condiciones de pensi\u00f3n. Distrito Nacional. La Asociaci\u00f3n de Fotoperiodistas de Rep\u00fablica Dominicana (AFPRD), entidad que agrupa, representa y cuida los intereses de su membres\u00eda, adem\u00e1s de su permanente objetivo de estimular la formaci\u00f3n del fotorreportero dominicano como eje fundamental de su accionar, hoy se ve precisada de hacer de conocimiento p\u00fablico, una serie de se\u00f1alamientos que como instituci\u00f3n le preocupa, y que trata sobre el comportamiento que han asumido los organismos gubernamentales frente a esta organizaci\u00f3n, que&hellip;<\/p>\n","protected":false},"author":2,"featured_media":1994,"comment_status":"open","ping_status":"open","sticky":false,"template":"","format":"standard","meta":{"rop_custom_images_group":[],"rop_custom_messages_group":[],"rop_publish_now":"initial","rop_publish_now_accounts":[],"rop_publish_now_history":[],"rop_publish_now_status":"pending","footnotes":""},"categories":[2,66],"tags":[345,346,343,344,295,342],"class_list":["post-1993","post","type-post","status-publish","format-standard","has-post-thumbnail","hentry","category-actualidad","category-gobierno","tag-fotografia","tag-fotografos","tag-jubilacion","tag-pensiones","tag-periodismo","tag-reclaman"],"_links":{"self":[{"href":"https:\/\/larepublicanews.com.do\/live\/wp-json\/wp\/v2\/posts\/1993","targetHints":{"allow":["GET"]}}],"collection":[{"href":"https:\/\/larepublicanews.com.do\/live\/wp-json\/wp\/v2\/posts"}],"about":[{"href":"https:\/\/larepublicanews.com.do\/live\/wp-json\/wp\/v2\/types\/post"}],"author":[{"embeddable":true,"href":"https:\/\/larepublicanews.com.do\/live\/wp-json\/wp\/v2\/users\/2"}],"replies":[{"embeddable":true,"href":"https:\/\/larepublicanews.com.do\/live\/wp-json\/wp\/v2\/comments?post=1993"}],"version-history":[{"count":1,"href":"https:\/\/larepublicanews.com.do\/live\/wp-json\/wp\/v2\/posts\/1993\/revisions"}],"predecessor-version":[{"id":1995,"href":"https:\/\/larepublicanews.com.do\/live\/wp-json\/wp\/v2\/posts\/1993\/revisions\/1995"}],"wp:featuredmedia":[{"embeddable":true,"href":"https:\/\/larepublicanews.com.do\/live\/wp-json\/wp\/v2\/media\/1994"}],"wp:attachment":[{"href":"https:\/\/larepublicanews.com.do\/live\/wp-json\/wp\/v2\/media?parent=1993"}],"wp:term":[{"taxonomy":"category","embeddable":true,"href":"https:\/\/larepublicanews.com.do\/live\/wp-json\/wp\/v2\/categories?post=1993"},{"taxonomy":"post_tag","embeddable":true,"href":"https:\/\/larepublicanews.com.do\/live\/wp-json\/wp\/v2\/tags?post=1993"}],"curies":[{"name":"wp","href":"https:\/\/api.w.org\/{rel}","templated":true}]}}