{"id":1987,"date":"2022-06-29T14:42:32","date_gmt":"2022-06-29T14:42:32","guid":{"rendered":"https:\/\/larepublicanews.com.do\/live\/?p=1987"},"modified":"2022-06-29T14:42:32","modified_gmt":"2022-06-29T14:42:32","slug":"fundacion-dominicana-celebrara-fiesta-cultural-con-el-legado-del-caballo-en-los-angeles","status":"publish","type":"post","link":"https:\/\/larepublicanews.com.do\/live\/fundacion-dominicana-celebrara-fiesta-cultural-con-el-legado-del-caballo-en-los-angeles\/","title":{"rendered":"Fundaci\u00f3n Dominicana celebrar\u00e1 fiesta cultural con El Legado del Caballo en Los \u00c1ngeles"},"content":{"rendered":"<p>Santo Domingo, junio 2022.- \u201cUna Aventura Llamada Merengue\u201d es el nombre que lleva el espect\u00e1culo cultural que presentar\u00e1 Jandy Ventura con el Legado en Los \u00c1ngeles, este viernes 01 de julio en el Carson Comunnity Center.<\/p>\n<p>El evento cultural que organiza la licenciada Marisol Vargas de la Fundaci\u00f3n Dominicana y Latina\u00bb Quisqueya La Bella\u00bb, l\u00edder comunitaria de la comunidad dominicana en Los \u00c1ngeles, celebrar\u00e1 en grande la hermandad de los latinos residentes en la zona, fan\u00e1ticos del repertorio musical del exponente con la m\u00e1s amplia discograf\u00eda.<\/p>\n<p>La fiesta al m\u00e1s alto nivel tiene como productor asociado a William Liriano, promete que toda la costa oeste se llenar\u00e1 de ritmo y sabor tributando al m\u00e1s grande merenguero de todos los tiempos, Johnny Ventura.<\/p>\n<p>En este encuentro bailable el p\u00fablico tambi\u00e9n podr\u00e1 disfrutar de las mezclas de DJ Luis Brito y la bachata en vivo de Idenis Pe\u00f1a, seg\u00fan inform\u00f3 el comit\u00e9 organizador que integran Mariluz Acosta, Clara Tavarez y Luis Brito.<\/p>\n<p>Para el espect\u00e1culo que est\u00e1 pautado a las 8:00 pm de la noche, las boletas est\u00e1n a la venta en Ticketon. Informaci\u00f3n (818) 479-1252.<\/p>\n","protected":false},"excerpt":{"rendered":"<p>Santo Domingo, junio 2022.- \u201cUna Aventura Llamada Merengue\u201d es el nombre que lleva el espect\u00e1culo cultural que presentar\u00e1 Jandy Ventura con el Legado en Los \u00c1ngeles, este viernes 01 de julio en el Carson Comunnity Center. El evento cultural que organiza la licenciada Marisol Vargas de la Fundaci\u00f3n Dominicana y Latina\u00bb Quisqueya La Bella\u00bb, l\u00edder comunitaria de la comunidad dominicana en Los \u00c1ngeles, celebrar\u00e1 en grande la hermandad de los latinos residentes en la zona, fan\u00e1ticos del repertorio musical del exponente con la m\u00e1s amplia discograf\u00eda. La fiesta al m\u00e1s&hellip;<\/p>\n","protected":false},"author":2,"featured_media":1988,"comment_status":"open","ping_status":"open","sticky":false,"template":"","format":"standard","meta":{"rop_custom_images_group":[],"rop_custom_messages_group":[],"rop_publish_now":"initial","rop_publish_now_accounts":[],"rop_publish_now_history":[],"rop_publish_now_status":"pending","footnotes":""},"categories":[3,5,14,16,18],"tags":[81,307,340,109,339,110],"class_list":["post-1987","post","type-post","status-publish","format-standard","has-post-thumbnail","hentry","category-artista","category-cultura","category-espectaculos","category-historia","category-world","tag-artistas","tag-espectaculo","tag-jandy-ventura","tag-jhonny-ventura","tag-legado","tag-merengue"],"_links":{"self":[{"href":"https:\/\/larepublicanews.com.do\/live\/wp-json\/wp\/v2\/posts\/1987","targetHints":{"allow":["GET"]}}],"collection":[{"href":"https:\/\/larepublicanews.com.do\/live\/wp-json\/wp\/v2\/posts"}],"about":[{"href":"https:\/\/larepublicanews.com.do\/live\/wp-json\/wp\/v2\/types\/post"}],"author":[{"embeddable":true,"href":"https:\/\/larepublicanews.com.do\/live\/wp-json\/wp\/v2\/users\/2"}],"replies":[{"embeddable":true,"href":"https:\/\/larepublicanews.com.do\/live\/wp-json\/wp\/v2\/comments?post=1987"}],"version-history":[{"count":1,"href":"https:\/\/larepublicanews.com.do\/live\/wp-json\/wp\/v2\/posts\/1987\/revisions"}],"predecessor-version":[{"id":1989,"href":"https:\/\/larepublicanews.com.do\/live\/wp-json\/wp\/v2\/posts\/1987\/revisions\/1989"}],"wp:featuredmedia":[{"embeddable":true,"href":"https:\/\/larepublicanews.com.do\/live\/wp-json\/wp\/v2\/media\/1988"}],"wp:attachment":[{"href":"https:\/\/larepublicanews.com.do\/live\/wp-json\/wp\/v2\/media?parent=1987"}],"wp:term":[{"taxonomy":"category","embeddable":true,"href":"https:\/\/larepublicanews.com.do\/live\/wp-json\/wp\/v2\/categories?post=1987"},{"taxonomy":"post_tag","embeddable":true,"href":"https:\/\/larepublicanews.com.do\/live\/wp-json\/wp\/v2\/tags?post=1987"}],"curies":[{"name":"wp","href":"https:\/\/api.w.org\/{rel}","templated":true}]}}