{"id":1984,"date":"2022-06-29T14:37:37","date_gmt":"2022-06-29T14:37:37","guid":{"rendered":"https:\/\/larepublicanews.com.do\/live\/?p=1984"},"modified":"2022-06-29T14:37:37","modified_gmt":"2022-06-29T14:37:37","slug":"ff-aa-pensiona-mas-de-tres-mil-militares-del-ejercito-armada-y-fuerza-aerea-incluye-a-429-generales-y-oficiales-superiores","status":"publish","type":"post","link":"https:\/\/larepublicanews.com.do\/live\/ff-aa-pensiona-mas-de-tres-mil-militares-del-ejercito-armada-y-fuerza-aerea-incluye-a-429-generales-y-oficiales-superiores\/","title":{"rendered":"FF.AA. pensiona m\u00e1s de tres mil militares del Ej\u00e9rcito, Armada y Fuerza A\u00e9rea; incluye a 429 generales y oficiales superiores"},"content":{"rendered":"<p>SANTO DOMINGO.- El Ministerio de Defensa (MIDE) ha pensionado a 3,041 miembros de las Fuerzas Armadas en los \u00faltimos 22 meses, pensiones en las que la Junta de Retiro y Fondos Pensiones de las Fuerzas Armadas, invertir\u00e1 mil doscientos setenta y cinco millones de pesos (RD$1,275,000,000.00) cada a\u00f1o, para el pago de los pensionados.<\/p>\n<p>La informaci\u00f3n la ofreci\u00f3 el Mayor General Carlos A. Fern\u00e1ndez Onofre, Presidente de la Junta de Retiro y Fondos de Pensiones de las Fuerzas Armadas (JRFPFFAA), quien dijo que los nuevos pensionados corresponden al per\u00edodo del 20 de agosto del 2020 a la fecha actual.<\/p>\n<p>Entre los nuevos pensionados de los cuerpos castrenses, figuran 72 Oficiales Generales, 357 Oficiales Superiores, 502 Oficiales Subalternos, 425 Alistados, 257 Asimilados, as\u00ed como 1,428 Viudas, Viudos, Tutores y Tutoras.<\/p>\n<p>El Mayor General Fern\u00e1ndez Onofre inform\u00f3, que la Junta de Retiro continuar\u00e1 ejecutando el proceso de otorgamiento de las pensiones, apegada a lo establecido en la Ley Org\u00e1nica de las Fuerzas Armadas 139-13, de septiembre del 2013.<\/p>\n<p>Los pensionados prestaron servicio durante un per\u00edodo de 20, 25 y 30 en el Ej\u00e9rcito, la Armada y Fuerza A\u00e9rea de Rep\u00fablica Dominicana, y recibir\u00e1n el beneficio de la pensi\u00f3n, de acuerdo con lo que establece la Ley 139-13 org\u00e1nica de las Fuerzas Armadas.<\/p>\n<p>La funci\u00f3n de la Junta de Retiro y Fondos de Pensiones de las Fuerzas Armadas es reconocer y pagar las asignaciones monetarias del retiro al personal militar pasivo, y todas sus acciones van dirigidas a consolidar su bienestar y de sus familiares, acci\u00f3n contemplada en el eje estrat\u00e9gico de garantizar la seguridad social de los militares.<\/p>\n<p>Los beneficios de pensi\u00f3n forman parte de la preocupaci\u00f3n del Presidente de la Rep\u00fablica, Luis Rodolfo Abinader Corona, de reconocer los m\u00e9ritos por el servicio prestado a la naci\u00f3n y optimizar el funcionamiento del personal de las Fuerzas Armadas, contemplado en el programa del gobierno para mejorar la calidad de vida de los militares y de sus familiares.<\/p>\n","protected":false},"excerpt":{"rendered":"<p>SANTO DOMINGO.- El Ministerio de Defensa (MIDE) ha pensionado a 3,041 miembros de las Fuerzas Armadas en los \u00faltimos 22 meses, pensiones en las que la Junta de Retiro y Fondos Pensiones de las Fuerzas Armadas, invertir\u00e1 mil doscientos setenta y cinco millones de pesos (RD$1,275,000,000.00) cada a\u00f1o, para el pago de los pensionados. La informaci\u00f3n la ofreci\u00f3 el Mayor General Carlos A. Fern\u00e1ndez Onofre, Presidente de la Junta de Retiro y Fondos de Pensiones de las Fuerzas Armadas (JRFPFFAA), quien dijo que los nuevos pensionados corresponden al per\u00edodo del&hellip;<\/p>\n","protected":false},"author":2,"featured_media":1985,"comment_status":"open","ping_status":"open","sticky":false,"template":"","format":"standard","meta":{"rop_custom_images_group":[],"rop_custom_messages_group":[],"rop_publish_now":"initial","rop_publish_now_accounts":[],"rop_publish_now_history":[],"rop_publish_now_status":"pending","footnotes":""},"categories":[2,66,22],"tags":[336,335,91,338,337],"class_list":["post-1984","post","type-post","status-publish","format-standard","has-post-thumbnail","hentry","category-actualidad","category-gobierno","category-noticia","tag-f-f-a-a","tag-fuerza-aerea","tag-gobierno","tag-gobierno-dominicano","tag-ministerio-de-defensa"],"_links":{"self":[{"href":"https:\/\/larepublicanews.com.do\/live\/wp-json\/wp\/v2\/posts\/1984","targetHints":{"allow":["GET"]}}],"collection":[{"href":"https:\/\/larepublicanews.com.do\/live\/wp-json\/wp\/v2\/posts"}],"about":[{"href":"https:\/\/larepublicanews.com.do\/live\/wp-json\/wp\/v2\/types\/post"}],"author":[{"embeddable":true,"href":"https:\/\/larepublicanews.com.do\/live\/wp-json\/wp\/v2\/users\/2"}],"replies":[{"embeddable":true,"href":"https:\/\/larepublicanews.com.do\/live\/wp-json\/wp\/v2\/comments?post=1984"}],"version-history":[{"count":1,"href":"https:\/\/larepublicanews.com.do\/live\/wp-json\/wp\/v2\/posts\/1984\/revisions"}],"predecessor-version":[{"id":1986,"href":"https:\/\/larepublicanews.com.do\/live\/wp-json\/wp\/v2\/posts\/1984\/revisions\/1986"}],"wp:featuredmedia":[{"embeddable":true,"href":"https:\/\/larepublicanews.com.do\/live\/wp-json\/wp\/v2\/media\/1985"}],"wp:attachment":[{"href":"https:\/\/larepublicanews.com.do\/live\/wp-json\/wp\/v2\/media?parent=1984"}],"wp:term":[{"taxonomy":"category","embeddable":true,"href":"https:\/\/larepublicanews.com.do\/live\/wp-json\/wp\/v2\/categories?post=1984"},{"taxonomy":"post_tag","embeddable":true,"href":"https:\/\/larepublicanews.com.do\/live\/wp-json\/wp\/v2\/tags?post=1984"}],"curies":[{"name":"wp","href":"https:\/\/api.w.org\/{rel}","templated":true}]}}