{"id":1980,"date":"2022-06-26T16:09:39","date_gmt":"2022-06-26T16:09:39","guid":{"rendered":"https:\/\/larepublicanews.com.do\/live\/?p=1980"},"modified":"2022-06-26T16:09:39","modified_gmt":"2022-06-26T16:09:39","slug":"encuentran-muerto-a-margaro-en-su-residencia","status":"publish","type":"post","link":"https:\/\/larepublicanews.com.do\/live\/encuentran-muerto-a-margaro-en-su-residencia\/","title":{"rendered":"Encuentran muerto a Margaro en su residencia"},"content":{"rendered":"<p data-reader-unique-id=\"8\">Nicol\u00e1s D\u00edaz, Margaro<\/p>\n<p data-reader-unique-id=\"1\">Santo Domingo.- Fue encontrado en la ma\u00f1ana de este domingo el cuerpo sin vida de quien en vida se llam\u00f3 Nicol\u00e1s D\u00edas, alias Margaro, comediante de larga data, oriundo de la ciudad de Santiago.<\/p>\n<p data-reader-unique-id=\"5\">La noticia la ofreci\u00f3 el periodista Pablo Marte, de Final Informativo, quien desde la residencia del fallecido humorista, envi\u00f3 un mensaje de voz describiendo la situaci\u00f3n.<\/p>\n<p data-reader-unique-id=\"6\">Margaro resid\u00eda en la calle Segunda, n\u00famero 16, al lado del colegio Santiago Ap\u00f3stol, pr\u00f3ximo al destacamento m\u00f3vil de la Polic\u00eda Nacional en Santo Domingo Oeste.<\/p>\n<p data-reader-unique-id=\"7\">Quiero informales de una triste noticia que acaba de acontecer y es que estoy en la casa de nuestro buen amigo Nicol\u00e1s D\u00edaz, Margaro, quien fue encontrado muerto en su cama, en su propio hogar. Estamos d\u00e1ndole el seguimiento debido y nos comunicamos con la Polic\u00eda Nacional y el sistema 911, para que le den el seguimiento correspondiente\u00bb, dijo Pablo Marte.<\/p>\n","protected":false},"excerpt":{"rendered":"<p>Nicol\u00e1s D\u00edaz, Margaro Santo Domingo.- Fue encontrado en la ma\u00f1ana de este domingo el cuerpo sin vida de quien en vida se llam\u00f3 Nicol\u00e1s D\u00edas, alias Margaro, comediante de larga data, oriundo de la ciudad de Santiago. La noticia la ofreci\u00f3 el periodista Pablo Marte, de Final Informativo, quien desde la residencia del fallecido humorista, envi\u00f3 un mensaje de voz describiendo la situaci\u00f3n. Margaro resid\u00eda en la calle Segunda, n\u00famero 16, al lado del colegio Santiago Ap\u00f3stol, pr\u00f3ximo al destacamento m\u00f3vil de la Polic\u00eda Nacional en Santo Domingo Oeste. Quiero&hellip;<\/p>\n","protected":false},"author":2,"featured_media":1982,"comment_status":"open","ping_status":"open","sticky":false,"template":"","format":"standard","meta":{"rop_custom_images_group":[],"rop_custom_messages_group":[],"rop_publish_now":"initial","rop_publish_now_accounts":[],"rop_publish_now_history":[],"rop_publish_now_status":"pending","footnotes":""},"categories":[45,14,22,25,31,34],"tags":[332,331,334,307,333,329,330],"class_list":["post-1980","post","type-post","status-publish","format-standard","has-post-thumbnail","hentry","category-comedia","category-espectaculos","category-noticia","category-portada","category-tendencia","category-newsbeat","tag-comediante","tag-comedias","tag-dominicano","tag-espectaculo","tag-humorista","tag-margaro","tag-nicolas-diaz"],"_links":{"self":[{"href":"https:\/\/larepublicanews.com.do\/live\/wp-json\/wp\/v2\/posts\/1980","targetHints":{"allow":["GET"]}}],"collection":[{"href":"https:\/\/larepublicanews.com.do\/live\/wp-json\/wp\/v2\/posts"}],"about":[{"href":"https:\/\/larepublicanews.com.do\/live\/wp-json\/wp\/v2\/types\/post"}],"author":[{"embeddable":true,"href":"https:\/\/larepublicanews.com.do\/live\/wp-json\/wp\/v2\/users\/2"}],"replies":[{"embeddable":true,"href":"https:\/\/larepublicanews.com.do\/live\/wp-json\/wp\/v2\/comments?post=1980"}],"version-history":[{"count":1,"href":"https:\/\/larepublicanews.com.do\/live\/wp-json\/wp\/v2\/posts\/1980\/revisions"}],"predecessor-version":[{"id":1983,"href":"https:\/\/larepublicanews.com.do\/live\/wp-json\/wp\/v2\/posts\/1980\/revisions\/1983"}],"wp:featuredmedia":[{"embeddable":true,"href":"https:\/\/larepublicanews.com.do\/live\/wp-json\/wp\/v2\/media\/1982"}],"wp:attachment":[{"href":"https:\/\/larepublicanews.com.do\/live\/wp-json\/wp\/v2\/media?parent=1980"}],"wp:term":[{"taxonomy":"category","embeddable":true,"href":"https:\/\/larepublicanews.com.do\/live\/wp-json\/wp\/v2\/categories?post=1980"},{"taxonomy":"post_tag","embeddable":true,"href":"https:\/\/larepublicanews.com.do\/live\/wp-json\/wp\/v2\/tags?post=1980"}],"curies":[{"name":"wp","href":"https:\/\/api.w.org\/{rel}","templated":true}]}}