{"id":1973,"date":"2022-06-20T15:57:28","date_gmt":"2022-06-20T15:57:28","guid":{"rendered":"https:\/\/larepublicanews.com.do\/live\/?p=1973"},"modified":"2022-06-20T15:57:28","modified_gmt":"2022-06-20T15:57:28","slug":"villas-cabrera-lodges-y-la-casita-de-cabrera-realizan-viaje-experiencial-para-periodistas-e-influenciadores","status":"publish","type":"post","link":"https:\/\/larepublicanews.com.do\/live\/villas-cabrera-lodges-y-la-casita-de-cabrera-realizan-viaje-experiencial-para-periodistas-e-influenciadores\/","title":{"rendered":"Villas Cabrera Lodge\u2019s y La Casita de Cabrera realizan viaje experiencial para periodistas e influenciadores"},"content":{"rendered":"<p>Cabrera, Mar\u00eda T. S\u00e1nchez. \u2013 Los proyectos ecol\u00f3gicos Cabrera Lodge y La Casita de Cabrera abrieron sus puertas para recibir un selecto grupo de comunicadores e influenciadores, quienes disfrutaron de sus confortables y modernas instalaciones.<\/p>\n<p>Los invitados fueron recibidos con un coctel en el complejo Cabrera Lodge, por el CEO de ambas propuestas, Luis Ram\u00f3n Salcedo, quien ofreci\u00f3 las palabras de bienvenida y destac\u00f3 las bondades de las propiedades, resaltando el concepto ecoamigable y el apoyo a lo local al utilizar materia prima y personal de la zona.<\/p>\n<p>Posterior al recibimiento, los invitados aprovecharon para participar de la inauguraci\u00f3n del evento \u201cCabrera en Primavera 2022\u201d, feria agropecuaria, tur\u00edstica y comercial, que se realiza cada a\u00f1o en este municipio para poner en valor los elementos que impulsan el desarrollo de la zona.<\/p>\n<p>El evento se lleva a cabo del 16 al 19 de Junio, en el Parque Central del municipio y durante cuatro d\u00edas se presentar\u00e1 una muestra de las actividades tur\u00edsticas, agropecuarias, artesanales, art\u00edsticas y culturales de la regi\u00f3n.<br \/>\nLa agenda experiencial, incluy\u00f3 un recorrido para disfrutar diversos atractivos naturales de la zona, como: Playa Los Cocos, Arroyo Salado, monumento natural El Saltadero, Blue Lake y Laguna Dud\u00fa; lugares irresistibles que motivaron a los asistentes a dejarse besar la piel con el agua de las hermosas playas de Cabrera y sus incre\u00edbles balnearios.<\/p>\n<p>Sobre Cabrera Lodge<br \/>\nCabrera Lodge de concepto boutique, cuenta con tres villas, con capacidad de hasta 11 personas en cada una de ellas; piscina privada, aire acondicionado, amplio jard\u00edn, seguridad nocturna, pet friendly, entre otras facilidades. La propiedad se encuentra a tan solo 500 metros de la entrada principal del pueblo de Cabrera, de f\u00e1cil acceso y cercana a las playas Calet\u00f3n, Preciosa, Playa Grande y Laguna Dud\u00fa.<\/p>\n<p>Sobre La Casita de Cabrera<br \/>\nEsta encantadora villa, cuyo verdor amplitud y comodidad, recrean un acogedor ambiente ideal para una divertida estad\u00eda con amigos o con la familia. Se encuentra a unos 600 metros de la entrada de Cabrera, cerca de Playa Calet\u00f3n, Playa Grande y Laguna Dud\u00fa. Cuenta con tres habitaciones con capacidad para 10, poseedora de un id\u00edlico espacio al aire libre (2,500 M2), con cancha de voleibol, trampol\u00edn, billar, adem\u00e1s de ofrecer paseos a caballo para los peque\u00f1os de la casa.<\/p>\n<p>Para poder disfrutar de estas propuestas de turismo residencial las reservas pueden hacerse directamente a trav\u00e9s del n\u00famero 829-745-4650, el correo: lacasitadecabrera@gmail.com o plataformas digitales como Airbnb y a trav\u00e9s de las cuentas @cabrera_lodge y @lacasitade_cabrera<\/p>\n","protected":false},"excerpt":{"rendered":"<p>Cabrera, Mar\u00eda T. S\u00e1nchez. \u2013 Los proyectos ecol\u00f3gicos Cabrera Lodge y La Casita de Cabrera abrieron sus puertas para recibir un selecto grupo de comunicadores e influenciadores, quienes disfrutaron de sus confortables y modernas instalaciones. Los invitados fueron recibidos con un coctel en el complejo Cabrera Lodge, por el CEO de ambas propuestas, Luis Ram\u00f3n Salcedo, quien ofreci\u00f3 las palabras de bienvenida y destac\u00f3 las bondades de las propiedades, resaltando el concepto ecoamigable y el apoyo a lo local al utilizar materia prima y personal de la zona. Posterior al&hellip;<\/p>\n","protected":false},"author":2,"featured_media":1974,"comment_status":"open","ping_status":"open","sticky":false,"template":"","format":"standard","meta":{"rop_custom_images_group":[],"rop_custom_messages_group":[],"rop_publish_now":"initial","rop_publish_now_accounts":[],"rop_publish_now_history":[],"rop_publish_now_status":"pending","footnotes":""},"categories":[2,5,47,13,21,317],"tags":[324,323,322,321,288,287,320,319,318,325,233,285],"class_list":["post-1973","post","type-post","status-publish","format-standard","has-post-thumbnail","hentry","category-actualidad","category-cultura","category-desarrollo","category-entretenimiento","category-medio-ambiente","category-nuestro-pais","tag-cabrera","tag-estadia","tag-excursiones","tag-hoteles","tag-maria-trinidad-sanchez","tag-nagua","tag-naturaleza","tag-paisaje","tag-republica-dominicana","tag-rio-dan-juan","tag-turismo","tag-viajes"],"_links":{"self":[{"href":"https:\/\/larepublicanews.com.do\/live\/wp-json\/wp\/v2\/posts\/1973","targetHints":{"allow":["GET"]}}],"collection":[{"href":"https:\/\/larepublicanews.com.do\/live\/wp-json\/wp\/v2\/posts"}],"about":[{"href":"https:\/\/larepublicanews.com.do\/live\/wp-json\/wp\/v2\/types\/post"}],"author":[{"embeddable":true,"href":"https:\/\/larepublicanews.com.do\/live\/wp-json\/wp\/v2\/users\/2"}],"replies":[{"embeddable":true,"href":"https:\/\/larepublicanews.com.do\/live\/wp-json\/wp\/v2\/comments?post=1973"}],"version-history":[{"count":1,"href":"https:\/\/larepublicanews.com.do\/live\/wp-json\/wp\/v2\/posts\/1973\/revisions"}],"predecessor-version":[{"id":1975,"href":"https:\/\/larepublicanews.com.do\/live\/wp-json\/wp\/v2\/posts\/1973\/revisions\/1975"}],"wp:featuredmedia":[{"embeddable":true,"href":"https:\/\/larepublicanews.com.do\/live\/wp-json\/wp\/v2\/media\/1974"}],"wp:attachment":[{"href":"https:\/\/larepublicanews.com.do\/live\/wp-json\/wp\/v2\/media?parent=1973"}],"wp:term":[{"taxonomy":"category","embeddable":true,"href":"https:\/\/larepublicanews.com.do\/live\/wp-json\/wp\/v2\/categories?post=1973"},{"taxonomy":"post_tag","embeddable":true,"href":"https:\/\/larepublicanews.com.do\/live\/wp-json\/wp\/v2\/tags?post=1973"}],"curies":[{"name":"wp","href":"https:\/\/api.w.org\/{rel}","templated":true}]}}