{"id":1962,"date":"2022-06-15T16:00:37","date_gmt":"2022-06-15T16:00:37","guid":{"rendered":"https:\/\/larepublicanews.com.do\/live\/?p=1962"},"modified":"2022-06-15T16:00:37","modified_gmt":"2022-06-15T16:00:37","slug":"especialista-belmi-munoz-la-sociedad-y-el-estado-deben-cuidar-mas-a-nuestros-adultos-mayores","status":"publish","type":"post","link":"https:\/\/larepublicanews.com.do\/live\/especialista-belmi-munoz-la-sociedad-y-el-estado-deben-cuidar-mas-a-nuestros-adultos-mayores\/","title":{"rendered":"Especialista Belmi Mu\u00f1\u00f3z: \u201cLa sociedad y el Estado deben cuidar m\u00e1s a nuestros adultos mayores\u201d"},"content":{"rendered":"<p>Este 15 de junio es El D\u00eda Mundial de Toma de Conciencia del Abuso y Maltrato en la Vejez, fue establecido por la ONU.<\/p>\n<p>*Santo Domingo.-* Una especialista de la Gerontolog\u00eda, abog\u00f3 hoy por una mayor consciencia por parte de la sociedad y el Estado para aunar esfuerzos hacia la protecci\u00f3n de los adultos mayores y procurar una mayor atenci\u00f3n que les garantice una mejor calidad de vida.<\/p>\n<p>*Belmi Mu\u00f1\u00f3z*, licenciada en Enfermer\u00eda y especialista de la Gerontolog\u00eda, afirm\u00f3 que en el pa\u00eds muchos adultos mayores pasan por situaciones de abandono e indefensi\u00f3n, y se convierten en v\u00edctimas de abusos y maltratos en la Rep\u00fablica Dominicana.<\/p>\n<p>Opin\u00f3 que la exclusi\u00f3n de la persona que envejece *es parte de una problem\u00e1tica social, que, a su juicio, deber\u00eda contar con una mayor atenci\u00f3n no solo por parte del Estado sino tambi\u00e9n de la sociedad.*<\/p>\n<p>\u201cEn ese sentido, estamos viendo con preocupaci\u00f3n c\u00f3mo nuestra sociedad excluye a sus ancianos coloc\u00e1ndolos en situaciones de abandono, de riesgo de abuso sexual, de maltrato f\u00edsico, de abuso financiero, de maltrato psicol\u00f3gico y de desatenci\u00f3n, y por eso todos tenemos que contribuir al cuidado y la protecci\u00f3n de nuestros ancianos\u201d, afirm\u00f3 la especialista.<\/p>\n<p>Cit\u00f3 datos de la Organizaci\u00f3n de las Naciones Unidas (ONU), que establecen que: \u201cel maltrato de las personas mayores es un problema social que existe en los pa\u00edses en desarrollo y desarrollados y, por lo general, no se notifica suficientemente en todo el mundo. En unos pocos pa\u00edses desarrollados hay tasas de prevalencia o estimaciones, que se sit\u00faan entre un 1% y un 10%.<\/p>\n<p>Aunque se desconoce la magnitud del maltrato de los ancianos, su importancia social y moral es indiscutible\u201d, concluye la cita de la ONU.<\/p>\n<p>Belmi Mu\u00f1oz sostuvo que: \u201cAl celebrarse este 15 de junio, el D\u00eda Mundial de Toma de Conciencia del Abuso y Maltrato en la Vejez, valoramos que la Organizaci\u00f3n de las Naciones Unidas ONU, haya priorizado el tema de la protecci\u00f3n a los adultos mayores, para combatir la violencia, en lo que ha denominado la D\u00e9cada del Envejecimiento Saludable 2021-2023\u201d.<\/p>\n<p>\u00abEstamos viendo con preocupaci\u00f3n c\u00f3mo nuestra sociedad excluye a sus ancianos coloc\u00e1ndolos en situaciones de abandono, de riesgo de abuso sexual, de maltrato f\u00edsico&#8230;\u00bb.<\/p>\n<p>Licda. Bemi Mu\u00f1\u00f3z, presidente de MediEnferServis<\/p>\n<p>El D\u00eda Mundial de Toma de Conciencia del Abuso y Maltrato en la Vejez, 15 de junio, fue establecido por la ONU en el a\u00f1o 2011, con el objetivo de: \u201caumentar la conciencia sobre la situaci\u00f3n global de las personas mayores, as\u00ed como fortalecer la protecci\u00f3n de sus derechos humanos\u201d.<\/p>\n<p>*Sobre MediEnferServis*<\/p>\n<p>Es un servicio de salud a domicilio, para acercar las citas y cuidados m\u00e9dicos y de enfermer\u00eda a toda la poblaci\u00f3n en general.<\/p>\n<p>La presidente de MediEnferServis, licenciada Belmi Mu\u00f1\u00f3z, explic\u00f3 que la empresa ha sido creada con el objetivo de ofrecer asistencia m\u00e9dica y de enfermer\u00eda a domicilio, 24 horas al d\u00eda, con atenci\u00f3n m\u00e9dica profesional personalizada, para llevar salud integral en la comodidad de su hogar a toda la familia.<\/p>\n<p>Dijo que la empresa surge ante la imperante necesidad que existe, de contar con diferentes servicios de salud a domicilio, para acercar las citas y cuidados m\u00e9dicos y de enfermer\u00eda a toda la poblaci\u00f3n en general, y pueden acceder a sus servicios, entrando a la p\u00e1gina: www.medienferservis.com<\/p>\n","protected":false},"excerpt":{"rendered":"<p>Este 15 de junio es El D\u00eda Mundial de Toma de Conciencia del Abuso y Maltrato en la Vejez, fue establecido por la ONU. *Santo Domingo.-* Una especialista de la Gerontolog\u00eda, abog\u00f3 hoy por una mayor consciencia por parte de la sociedad y el Estado para aunar esfuerzos hacia la protecci\u00f3n de los adultos mayores y procurar una mayor atenci\u00f3n que les garantice una mejor calidad de vida. *Belmi Mu\u00f1\u00f3z*, licenciada en Enfermer\u00eda y especialista de la Gerontolog\u00eda, afirm\u00f3 que en el pa\u00eds muchos adultos mayores pasan por situaciones de&hellip;<\/p>\n","protected":false},"author":2,"featured_media":1963,"comment_status":"open","ping_status":"open","sticky":false,"template":"","format":"standard","meta":{"rop_custom_images_group":[],"rop_custom_messages_group":[],"rop_publish_now":"initial","rop_publish_now_accounts":[],"rop_publish_now_history":[],"rop_publish_now_status":"pending","footnotes":""},"categories":[2,27],"tags":[310,309,308,311,261],"class_list":["post-1962","post","type-post","status-publish","format-standard","has-post-thumbnail","hentry","category-actualidad","category-health","tag-especialidad","tag-especialista","tag-gerontologia","tag-medicina","tag-salud"],"_links":{"self":[{"href":"https:\/\/larepublicanews.com.do\/live\/wp-json\/wp\/v2\/posts\/1962","targetHints":{"allow":["GET"]}}],"collection":[{"href":"https:\/\/larepublicanews.com.do\/live\/wp-json\/wp\/v2\/posts"}],"about":[{"href":"https:\/\/larepublicanews.com.do\/live\/wp-json\/wp\/v2\/types\/post"}],"author":[{"embeddable":true,"href":"https:\/\/larepublicanews.com.do\/live\/wp-json\/wp\/v2\/users\/2"}],"replies":[{"embeddable":true,"href":"https:\/\/larepublicanews.com.do\/live\/wp-json\/wp\/v2\/comments?post=1962"}],"version-history":[{"count":1,"href":"https:\/\/larepublicanews.com.do\/live\/wp-json\/wp\/v2\/posts\/1962\/revisions"}],"predecessor-version":[{"id":1964,"href":"https:\/\/larepublicanews.com.do\/live\/wp-json\/wp\/v2\/posts\/1962\/revisions\/1964"}],"wp:featuredmedia":[{"embeddable":true,"href":"https:\/\/larepublicanews.com.do\/live\/wp-json\/wp\/v2\/media\/1963"}],"wp:attachment":[{"href":"https:\/\/larepublicanews.com.do\/live\/wp-json\/wp\/v2\/media?parent=1962"}],"wp:term":[{"taxonomy":"category","embeddable":true,"href":"https:\/\/larepublicanews.com.do\/live\/wp-json\/wp\/v2\/categories?post=1962"},{"taxonomy":"post_tag","embeddable":true,"href":"https:\/\/larepublicanews.com.do\/live\/wp-json\/wp\/v2\/tags?post=1962"}],"curies":[{"name":"wp","href":"https:\/\/api.w.org\/{rel}","templated":true}]}}