{"id":1948,"date":"2022-06-06T00:58:57","date_gmt":"2022-06-06T00:58:57","guid":{"rendered":"https:\/\/larepublicanews.com.do\/live\/?p=1948"},"modified":"2022-06-06T00:59:57","modified_gmt":"2022-06-06T00:59:57","slug":"xxv-edicion-de-expoturismo-concluye-con-nuevo-record-de-participantes","status":"publish","type":"post","link":"https:\/\/larepublicanews.com.do\/live\/xxv-edicion-de-expoturismo-concluye-con-nuevo-record-de-participantes\/","title":{"rendered":"*XXV edici\u00f3n de Expoturismo concluye con nuevo r\u00e9cord de participantes*"},"content":{"rendered":"<p style=\"text-align: left;\">Santiago, Rep. Dom.- Con un significativo aumento en el n\u00famero de expositores, m\u00e1s de 180 agencias de viajes y turoperadores adem\u00e1s de una afluencia de visitantes, concluy\u00f3 este domingo la vig\u00e9simo quinta versi\u00f3n del marat\u00f3n de vacaciones m\u00e1s importante de la regi\u00f3n norte, Expoturismo 2022, que se llev\u00f3 a cabo del 3 al 5 de junio, en el Hodelpa Gran Almirante de Santiago de Los Caballeros.<\/p>\n<p>Ram\u00f3n Paulino, presidente de la entidad manifest\u00f3 que este a\u00f1o el registro de participantes se increment\u00f3 en un 50% en comparaci\u00f3n con el a\u00f1o pasado, representando incluso un nuevo r\u00e9cord de stands durante estos 25 a\u00f1os, lo que consolida la recuperaci\u00f3n tangible del turismo, no solo en la regi\u00f3n Cibao, sino en todo el pa\u00eds, agreg\u00f3.<\/p>\n<p>Por su lado, Yomaris G\u00f3mez, directora de la feria, expres\u00f3 de manera emotiva su agradecimiento al ministro de Turismo David Collado, al alcalde de Santiago Abel Mart\u00ednez, autoridades y personalidades que se dieron cita, as\u00ed como el apoyo recibido del p\u00fablico y de cada empresa que form\u00f3 parte de esta nueva entrega.<\/p>\n<p>G\u00f3mez asegur\u00f3 sentirse muy orgullosa de estar celebrando bodas de plata y de ver como Expoturismo contin\u00faa siendo el espacio de promoci\u00f3n y venta favorito de muchos dominicanos, que se apersonan cada a\u00f1o para adquirir sus paquetes vacacionales.<\/p>\n<p>La nueva edici\u00f3n de la Expo cont\u00f3 con la participaci\u00f3n de David Collado, ministro de turismo, quien recibi\u00f3 una placa de reconocimiento por parte de los directivos del evento y el Cl\u00faster Santiago Destino Tur\u00edstico, por su eficiente gesti\u00f3n al frente de la instituci\u00f3n y por el logro de las estrategias establecidas para el restablecimiento del sector a nivel nacional.<\/p>\n<p>Durante su intervenci\u00f3n, el funcionario propuso la elaboraci\u00f3n de un plan de desarrollo tur\u00edstico y garantiz\u00f3 el aporte de 50 millones de pesos para promocionar a Santiago en el exterior e indic\u00f3 que \u201cel habernos concentrado en la recuperaci\u00f3n de nuestro turismo de sol y playa por Punta Cana, por donde llega el 50% de todos los extranjeros que recibe el pa\u00eds, ahora nos tenemos que ocupar de la esencia, de lo bonito, nuestra cultura, nuestra gente y todo eso lo tiene la Ciudad Coraz\u00f3n y todo el Cibao\u201d.<\/p>\n<p>Anthony Dur\u00e1n, gerente general de Prinair Tours, calific\u00f3 la feria como todo un \u00e9xito, destacando el entusiasmo por parte de todos los responsables de que el turismo se reanude y tildando de positivo el reconocimiento entregado al ministro de turismo por parte de la directiva de Expoturismo y su promesa esperanzadora de convertir a Santiago en un \u201cgran destino tur\u00edstico\u201d.<\/p>\n<p>En el mismo aspecto, Jessenia Rodr\u00edguez, gerente del hotel Marina del Mar en Montecristi, tild\u00f3 como estupenda la nueva edici\u00f3n de Expoturismo, y aprovech\u00f3 para extender su invitaci\u00f3n a \u201cLa Joya del Noroeste\u201d la cual estrenar\u00e1 pronto su malec\u00f3n, lo que pretende sumarse a la lista de los principales atractivos de la provincia.<\/p>\n<p>Durante tres d\u00edas, la expo reuni\u00f3 distintos representantes, pol\u00edticos y empresarios de diversos sectores del pa\u00eds, en especial del turismo y agot\u00f3 una amplia agenda que incluy\u00f3 presentaciones de rutas y destinos, ofertas vacacionales, muestras art\u00edsticas, formaciones, conversatorios, rifas, entre otros.<\/p>\n","protected":false},"excerpt":{"rendered":"<p>Santiago, Rep. Dom.- Con un significativo aumento en el n\u00famero de expositores, m\u00e1s de 180 agencias de viajes y turoperadores adem\u00e1s de una afluencia de visitantes, concluy\u00f3 este domingo la vig\u00e9simo quinta versi\u00f3n del marat\u00f3n de vacaciones m\u00e1s importante de la regi\u00f3n norte, Expoturismo 2022, que se llev\u00f3 a cabo del 3 al 5 de junio, en el Hodelpa Gran Almirante de Santiago de Los Caballeros. Ram\u00f3n Paulino, presidente de la entidad manifest\u00f3 que este a\u00f1o el registro de participantes se increment\u00f3 en un 50% en comparaci\u00f3n con el a\u00f1o&hellip;<\/p>\n","protected":false},"author":2,"featured_media":1949,"comment_status":"open","ping_status":"open","sticky":false,"template":"","format":"standard","meta":{"rop_custom_images_group":[],"rop_custom_messages_group":[],"rop_publish_now":"initial","rop_publish_now_accounts":[],"rop_publish_now_history":[],"rop_publish_now_status":"pending","footnotes":""},"categories":[29,53],"tags":[300,301,299,233],"class_list":["post-1948","post","type-post","status-publish","format-standard","has-post-thumbnail","hentry","category-sociedad","category-turismo","tag-asamblea","tag-congreso","tag-expo-turismo","tag-turismo"],"_links":{"self":[{"href":"https:\/\/larepublicanews.com.do\/live\/wp-json\/wp\/v2\/posts\/1948","targetHints":{"allow":["GET"]}}],"collection":[{"href":"https:\/\/larepublicanews.com.do\/live\/wp-json\/wp\/v2\/posts"}],"about":[{"href":"https:\/\/larepublicanews.com.do\/live\/wp-json\/wp\/v2\/types\/post"}],"author":[{"embeddable":true,"href":"https:\/\/larepublicanews.com.do\/live\/wp-json\/wp\/v2\/users\/2"}],"replies":[{"embeddable":true,"href":"https:\/\/larepublicanews.com.do\/live\/wp-json\/wp\/v2\/comments?post=1948"}],"version-history":[{"count":1,"href":"https:\/\/larepublicanews.com.do\/live\/wp-json\/wp\/v2\/posts\/1948\/revisions"}],"predecessor-version":[{"id":1950,"href":"https:\/\/larepublicanews.com.do\/live\/wp-json\/wp\/v2\/posts\/1948\/revisions\/1950"}],"wp:featuredmedia":[{"embeddable":true,"href":"https:\/\/larepublicanews.com.do\/live\/wp-json\/wp\/v2\/media\/1949"}],"wp:attachment":[{"href":"https:\/\/larepublicanews.com.do\/live\/wp-json\/wp\/v2\/media?parent=1948"}],"wp:term":[{"taxonomy":"category","embeddable":true,"href":"https:\/\/larepublicanews.com.do\/live\/wp-json\/wp\/v2\/categories?post=1948"},{"taxonomy":"post_tag","embeddable":true,"href":"https:\/\/larepublicanews.com.do\/live\/wp-json\/wp\/v2\/tags?post=1948"}],"curies":[{"name":"wp","href":"https:\/\/api.w.org\/{rel}","templated":true}]}}