{"id":1941,"date":"2022-05-26T23:31:54","date_gmt":"2022-05-26T23:31:54","guid":{"rendered":"https:\/\/larepublicanews.com.do\/live\/?p=1941"},"modified":"2022-05-26T23:32:14","modified_gmt":"2022-05-26T23:32:14","slug":"1941-2","status":"publish","type":"post","link":"https:\/\/larepublicanews.com.do\/live\/1941-2\/","title":{"rendered":"Premio Vive Sano anuncia su Quinta Gala"},"content":{"rendered":"<p class=\"s14\" style=\"text-align: left;\"><span class=\"s12\"><span class=\"bumpedFont15\">Santo <\/span><\/span><span class=\"s12\"><span class=\"bumpedFont15\">Domingo. \u2013<\/span><\/span> <span class=\"s13\"><span class=\"bumpedFont15\">El pr\u00f3ximo 14 de junio de 2022 tendr\u00e1 lugar <\/span><\/span><span class=\"s13\"><span class=\"bumpedFont15\">la quinta edici\u00f3n de <\/span><\/span><span class=\"s12\"><span class=\"bumpedFont15\">Premio Vive Sano<\/span><\/span><span class=\"s13\"><span class=\"bumpedFont15\">, <\/span><\/span><span class=\"s13\"><span class=\"bumpedFont15\">tradicional ceremonia de reconocimiento <\/span><\/span><span class=\"s13\"><span class=\"bumpedFont15\">a profesionales, instituciones y empresas del Sector Salud que han destacado <\/span><\/span><span class=\"s13\"><span class=\"bumpedFont15\">durante el \u00faltimo a\u00f1o <\/span><\/span><span class=\"s13\"><span class=\"bumpedFont15\">por sus aportaciones a la <\/span><\/span><span class=\"s13\"><span class=\"bumpedFont15\">s<\/span><\/span><span class=\"s13\"><span class=\"bumpedFont15\">ociedad dominicana desde <\/span><\/span><span class=\"s13\"><span class=\"bumpedFont15\">una<\/span><\/span><span class=\"s13\"><span class=\"bumpedFont15\"> perspectiva <\/span><\/span><span class=\"s13\"><span class=\"bumpedFont15\">de calidez <\/span><\/span><span class=\"s13\"><span class=\"bumpedFont15\">humana y apoyo solidario.<\/span><\/span><\/p>\n<p class=\"s14\"><span class=\"s13\"><span class=\"bumpedFont15\">El anuncio<\/span><\/span> <span class=\"s13\"><span class=\"bumpedFont15\">fue realizado por <\/span><\/span><span class=\"s13\"><span class=\"bumpedFont15\">la <\/span><\/span><span class=\"s13\"><span class=\"bumpedFont15\">periodista <\/span><\/span><span class=\"s13\"><span class=\"bumpedFont15\">Elizabet Guti\u00e9rrez, <\/span><\/span><span class=\"s13\"><span class=\"bumpedFont15\">directora <\/span><\/span><span class=\"s13\"><span class=\"bumpedFont15\">e<\/span><\/span><span class=\"s13\"><span class=\"bumpedFont15\">ditorial de la Revista Vive Sano<\/span><\/span><span class=\"s13\"><span class=\"bumpedFont15\">, quien <\/span><\/span><span class=\"s13\"><span class=\"bumpedFont15\">inform\u00f3 que la <\/span><\/span><span class=\"s13\"><span class=\"bumpedFont15\">Gala tendr<\/span><\/span><span class=\"s13\"><span class=\"bumpedFont15\">\u00e1<\/span><\/span><span class=\"s13\"><span class=\"bumpedFont15\"> lugar<\/span><\/span><span class=\"s13\"><span class=\"bumpedFont15\">, como en las anteriores ocasiones, <\/span><\/span><span class=\"s13\"><span class=\"bumpedFont15\">en el Hotel Crown Plaza<\/span><\/span><span class=\"s13\"><span class=\"bumpedFont15\"> Santo Domingo<\/span><\/span><span class=\"s13\"><span class=\"bumpedFont15\">, resaltando: \u201c<\/span><\/span><span class=\"s13\"><span class=\"bumpedFont15\">Hay historias conmovedoras de personas que ponen alma, coraz\u00f3n y vida en la realizaci\u00f3n de causas sociales<\/span><\/span><span class=\"s13\"><span class=\"bumpedFont15\">. Tambi\u00e9n son frecuentes los ejemplos de entidades e instituciones que abrazan iniciativas en beneficio de <\/span><\/span><span class=\"s13\"><span class=\"bumpedFont15\">personas necesitadas, marginadas y con escasas oportunidades de crecimiento vital<\/span><\/span><span class=\"s13\"><span class=\"bumpedFont15\">. Nuestro Premio Vive Sano pretende que estas historias salgan de su anonimato habitual y sean conocidas por el gran p\u00fablico como ejemplos de <\/span><\/span><span class=\"s13\"><span class=\"bumpedFont15\">responsabilidad social que va m\u00e1s all\u00e1 del simple cumplimiento de una profesi\u00f3n o <\/span><\/span><span class=\"s13\"><span class=\"bumpedFont15\">del desarrollo <\/span><\/span><span class=\"s13\"><span class=\"bumpedFont15\">una empresa\u201d.<\/span><\/span><\/p>\n<p class=\"s14\"><span class=\"s13\"><span class=\"bumpedFont15\">La periodista manifest\u00f3 que el levantamiento que anualmente realiza el equipo Vive Sa<\/span><\/span><span class=\"s13\"><span class=\"bumpedFont15\">n<\/span><\/span><span class=\"s13\"><span class=\"bumpedFont15\">o para seleccionar a los nominados constituye una experiencia <\/span><\/span><span class=\"s13\"><span class=\"bumpedFont15\">memorable<\/span><\/span><span class=\"s13\"><span class=\"bumpedFont15\"> porque <\/span><\/span><span class=\"s13\"><span class=\"bumpedFont15\">les permite descubrir el lado humano de los profesionales de la salud en su acompa\u00f1amiento, cuidado y curaci\u00f3n de los pacientes.<\/span><\/span><\/p>\n<p class=\"s14\"><span class=\"s13\"><span class=\"bumpedFont15\">Para finalizar<\/span><\/span><span class=\"s13\"><span class=\"bumpedFont15\">,<\/span><\/span> <span class=\"s13\"><span class=\"bumpedFont15\">Elizabet Guti\u00e9rrez agradeci\u00f3 <\/span><\/span><span class=\"s13\"><span class=\"bumpedFont15\">el <\/span><\/span><span class=\"s13\"><span class=\"bumpedFont15\">respaldo <\/span><\/span><span class=\"s13\"><span class=\"bumpedFont15\">continuado a<\/span><\/span><span class=\"s13\"><span class=\"bumpedFont15\">l proyecto <\/span><\/span><span class=\"s13\"><span class=\"bumpedFont15\">Vive Sano <\/span><\/span><span class=\"s13\"><span class=\"bumpedFont15\">en sus diferentes plataformas<\/span><\/span><span class=\"s13\"><span class=\"bumpedFont15\">, recalcando que en estos \u00faltimos cinco a\u00f1os <\/span><\/span><span class=\"s13\"><span class=\"bumpedFont15\">lo conseguido <\/span><\/span><span class=\"s15\"><span class=\"bumpedFont15\">ha sido <\/span><\/span><span class=\"s15\"><span class=\"bumpedFont15\">posible gracias al apoyo de personas y empresas que <\/span><\/span><span class=\"s15\"><span class=\"bumpedFont15\">apostaron por el <\/span><\/span><span class=\"s15\"><span class=\"bumpedFont15\">p<\/span><\/span><span class=\"s15\"><span class=\"bumpedFont15\">royecto:<\/span><\/span><span class=\"s15\"><span class=\"bumpedFont15\"> ARS Reservas, <\/span><\/span><span class=\"s15\"><span class=\"bumpedFont15\">Hotel Crowne Plaza, <\/span><\/span><span class=\"s15\"><span class=\"bumpedFont15\">MCC Agencia de Viajes y Turismo, <\/span><\/span><span class=\"s15\"><span class=\"bumpedFont15\">Melkis D\u00edaz, <\/span><\/span><span class=\"s15\"><span class=\"bumpedFont15\">JP <\/span><\/span><span class=\"s15\"><span class=\"bumpedFont15\">Chenet<\/span><\/span><span class=\"s15\"><span class=\"bumpedFont15\">, <\/span><\/span><span class=\"s15\"><span class=\"bumpedFont15\">Calvet,<\/span><\/span> <span class=\"s15\"><span class=\"bumpedFont15\">Ram\u00f3n Bilbao, <\/span><\/span><span class=\"s15\"><span class=\"bumpedFont15\">Cool<\/span><\/span> <span class=\"s15\"><span class=\"bumpedFont15\">Heaven<\/span><\/span><span class=\"s15\"><span class=\"bumpedFont15\">, <\/span><\/span><span class=\"s15\"><span class=\"bumpedFont15\">Gutimor<\/span><\/span><span class=\"s15\"><span class=\"bumpedFont15\">,<\/span><\/span> <span class=\"s15\"><span class=\"bumpedFont15\">Intelsegur<\/span><\/span><span class=\"s15\"><span class=\"bumpedFont15\">,<\/span><\/span> <span class=\"s15\"><span class=\"bumpedFont15\">F<\/span><\/span><span class=\"s15\"><span class=\"bumpedFont15\">o<\/span><\/span><span class=\"s15\"><span class=\"bumpedFont15\">llow<\/span><\/span><span class=\"s15\"><span class=\"bumpedFont15\"> Me<\/span><\/span><span class=\"s15\"><span class=\"bumpedFont15\">,<\/span><\/span> <span class=\"s15\"><span class=\"bumpedFont15\">JB Escenograf\u00eda<\/span><\/span><span class=\"s15\"><span class=\"bumpedFont15\">,<\/span><\/span> <span class=\"s15\"><span class=\"bumpedFont15\">Grabo Estilo<\/span><\/span><span class=\"s15\"><span class=\"bumpedFont15\">, <\/span><\/span><span class=\"s15\"><span class=\"bumpedFont15\">Alianza <\/span><\/span><span class=\"s15\"><span class=\"bumpedFont15\">Brand<\/span><\/span><span class=\"s15\"><span class=\"bumpedFont15\">s<\/span><\/span><span class=\"s15\"><span class=\"bumpedFont15\">, <\/span><\/span><span class=\"s15\"><span class=\"bumpedFont15\">AR Social Media,<\/span><\/span> <span class=\"s15\"><span class=\"bumpedFont15\">Melvin Javier <\/span><\/span><span class=\"s15\"><span class=\"bumpedFont15\">Photo<\/span><\/span><span class=\"s15\"><span class=\"bumpedFont15\"> Films<\/span><\/span><span class=\"s15\"><span class=\"bumpedFont15\">, <\/span><\/span><span class=\"s15\"><span class=\"bumpedFont15\">Hanel<\/span><\/span><span class=\"s15\"><span class=\"bumpedFont15\">Pe\u00f1a <\/span><\/span><span class=\"s15\"><span class=\"bumpedFont15\">Fotograf\u00eda y <\/span><\/span><span class=\"s15\"><span class=\"bumpedFont15\">Video, <\/span><\/span><span class=\"s15\"><span class=\"bumpedFont15\">Blanca Gonz\u00e1lez, <\/span><\/span><span class=\"s15\"><span class=\"bumpedFont15\">Marketing OP<\/span><\/span><span class=\"s15\"><span class=\"bumpedFont15\">, Elisa Carolina<\/span><\/span><span class=\"s15\"><span class=\"bumpedFont15\"> Tav<\/span><\/span><span class=\"s15\"><span class=\"bumpedFont15\">\u00e1<\/span><\/span><span class=\"s15\"><span class=\"bumpedFont15\">rez<\/span><\/span><span class=\"s15\"><span class=\"bumpedFont15\">, Ren\u00e9 Mont\u00e1s<\/span><\/span><span class=\"s15\"><span class=\"bumpedFont15\">,<\/span><\/span> <span class=\"s15\"><span class=\"bumpedFont15\">Bolsa Tur\u00edstica del Caribe (BTC)<\/span><\/span><span class=\"s15\"><span class=\"bumpedFont15\">, <\/span><\/span><span class=\"s15\"><span class=\"bumpedFont15\">Sim\u00f3n Studio<\/span><\/span><span class=\"s15\"><span class=\"bumpedFont15\">.<\/span><\/span><\/p>\n<p class=\"s14\"><span class=\"s16\"><span class=\"bumpedFont15\">Acerca de Premio Vive Sano \u00a0<\/span><\/span><\/p>\n<p class=\"s14\"><span class=\"s16\"><span class=\"bumpedFont15\">Premio Vive Sano<\/span><\/span> <span class=\"s15\"><span class=\"bumpedFont15\">nace en 2017 <\/span><\/span><span class=\"s15\"><span class=\"bumpedFont15\">con el objetivo de reconocer p\u00fablicamente e<\/span><\/span><span class=\"s15\"><span class=\"bumpedFont15\">l trabajo de personas, empresas y asociaciones que procuran el bienestar integral de la poblaci\u00f3n desde el sector de la salud<\/span><\/span><span class=\"s15\"><span class=\"bumpedFont15\">mediante el <\/span><\/span><span class=\"s15\"><span class=\"bumpedFont15\">reconocimiento de su esfuerzo, dedicaci\u00f3n y voluntad en el desempe\u00f1o profesional<\/span><\/span><span class=\"s15\"><span class=\"bumpedFont15\">y el trato humano<\/span><\/span><span class=\"s15\"><span class=\"bumpedFont15\">. \u00a0<\/span><\/span><\/p>\n<p class=\"s17\"><span class=\"s16\"><span class=\"bumpedFont15\">Premio Vive Sano se articula en los siguientes renglones de reconocimiento: <\/span><\/span><span class=\"s16\"><span class=\"bumpedFont15\">\u00a0<\/span><\/span><\/p>\n<p class=\"s17\"><span class=\"s16\"><span class=\"bumpedFont15\">Trayectoria:<\/span><\/span><span class=\"s15\"><span class=\"bumpedFont15\"> personas que durante su ejercicio profesional han marcado la diferencia por sus aportes a la salud en Rep\u00fablica Dominicana. \u00a0 \u00a0<\/span><\/span><\/p>\n<p class=\"s17\"><span class=\"s16\"><span class=\"bumpedFont15\">Noveles:<\/span><\/span><span class=\"s15\"><span class=\"bumpedFont15\"> personas que est\u00e1n ofreciendo un gran potencial de influencia en la salud de los dominicanos desde la perspectiva de la prevenci\u00f3n y tratamiento de enfermedades. \u00a0<\/span><\/span><\/p>\n<p class=\"s17\"><span class=\"s16\"><span class=\"bumpedFont15\">Compromiso Social:<\/span><\/span><span class=\"s15\"><span class=\"bumpedFont15\"> personas f\u00edsicas, asociaciones e instituciones que destacan por su apoyo y servicio al ciudadano desde programas preventivos y cultura de salud a todos los estratos sociales. <\/span><\/span><\/p>\n<p class=\"s17\"><span class=\"s16\"><span class=\"bumpedFont15\">Gesti\u00f3n de Servicios de Salud:<\/span><\/span><span class=\"s15\"><span class=\"bumpedFont15\"> personas que est\u00e1n transformando la gesti\u00f3n hospitalaria hacia un modelo profesional y eficiente en beneficio de la Comunidad. <\/span><\/span><\/p>\n<p class=\"s17\"><span class=\"s16\"><span class=\"bumpedFont15\">Innovaci\u00f3n:<\/span><\/span><span class=\"s15\"><span class=\"bumpedFont15\"> Empresas que invierten en investigaci\u00f3n y desarrollo para ofrecer productos y servicios <\/span><\/span><span class=\"s15\"><span class=\"bumpedFont15\">de salud <\/span><\/span><span class=\"s15\"><span class=\"bumpedFont15\">apegados a los est\u00e1ndares internacionales. <\/span><\/span><\/p>\n<p class=\"s17\"><span class=\"s16\"><span class=\"bumpedFont15\">Periodismo de Salud:<\/span><\/span><span class=\"s15\"><span class=\"bumpedFont15\"> Profesionales de la comunicaci\u00f3n que se dedican a la cobertura e investigaci\u00f3n <\/span><\/span><span class=\"s15\"><span class=\"bumpedFont15\">en el \u00e1rea de salud<\/span><\/span><span class=\"s15\"><span class=\"bumpedFont15\"> para <\/span><\/span><span class=\"s15\"><span class=\"bumpedFont15\">trasladar i<\/span><\/span><span class=\"s15\"><span class=\"bumpedFont15\">nformaciones preventivas para la poblaci\u00f3n.<\/span><\/span><\/p>\n","protected":false},"excerpt":{"rendered":"<p>Santo Domingo. \u2013 El pr\u00f3ximo 14 de junio de 2022 tendr\u00e1 lugar la quinta edici\u00f3n de Premio Vive Sano, tradicional ceremonia de reconocimiento a profesionales, instituciones y empresas del Sector Salud que han destacado durante el \u00faltimo a\u00f1o por sus aportaciones a la sociedad dominicana desde una perspectiva de calidez humana y apoyo solidario. El anuncio fue realizado por la periodista Elizabet Guti\u00e9rrez, directora editorial de la Revista Vive Sano, quien inform\u00f3 que la Gala tendr\u00e1 lugar, como en las anteriores ocasiones, en el Hotel Crown Plaza Santo Domingo, resaltando:&hellip;<\/p>\n","protected":false},"author":2,"featured_media":1942,"comment_status":"open","ping_status":"open","sticky":false,"template":"","format":"standard","meta":{"rop_custom_images_group":[],"rop_custom_messages_group":[],"rop_publish_now":"initial","rop_publish_now_accounts":[],"rop_publish_now_history":[],"rop_publish_now_status":"pending","footnotes":""},"categories":[2,14,133],"tags":[298,297,137,135,296],"class_list":["post-1941","post","type-post","status-publish","format-standard","has-post-thumbnail","hentry","category-actualidad","category-espectaculos","category-periodistas","tag-espectaculos","tag-gala","tag-premiacion","tag-premios","tag-vive-sano"],"_links":{"self":[{"href":"https:\/\/larepublicanews.com.do\/live\/wp-json\/wp\/v2\/posts\/1941","targetHints":{"allow":["GET"]}}],"collection":[{"href":"https:\/\/larepublicanews.com.do\/live\/wp-json\/wp\/v2\/posts"}],"about":[{"href":"https:\/\/larepublicanews.com.do\/live\/wp-json\/wp\/v2\/types\/post"}],"author":[{"embeddable":true,"href":"https:\/\/larepublicanews.com.do\/live\/wp-json\/wp\/v2\/users\/2"}],"replies":[{"embeddable":true,"href":"https:\/\/larepublicanews.com.do\/live\/wp-json\/wp\/v2\/comments?post=1941"}],"version-history":[{"count":2,"href":"https:\/\/larepublicanews.com.do\/live\/wp-json\/wp\/v2\/posts\/1941\/revisions"}],"predecessor-version":[{"id":1944,"href":"https:\/\/larepublicanews.com.do\/live\/wp-json\/wp\/v2\/posts\/1941\/revisions\/1944"}],"wp:featuredmedia":[{"embeddable":true,"href":"https:\/\/larepublicanews.com.do\/live\/wp-json\/wp\/v2\/media\/1942"}],"wp:attachment":[{"href":"https:\/\/larepublicanews.com.do\/live\/wp-json\/wp\/v2\/media?parent=1941"}],"wp:term":[{"taxonomy":"category","embeddable":true,"href":"https:\/\/larepublicanews.com.do\/live\/wp-json\/wp\/v2\/categories?post=1941"},{"taxonomy":"post_tag","embeddable":true,"href":"https:\/\/larepublicanews.com.do\/live\/wp-json\/wp\/v2\/tags?post=1941"}],"curies":[{"name":"wp","href":"https:\/\/api.w.org\/{rel}","templated":true}]}}