{"id":1938,"date":"2022-05-20T22:01:40","date_gmt":"2022-05-20T22:01:40","guid":{"rendered":"https:\/\/larepublicanews.com.do\/live\/?p=1938"},"modified":"2022-05-20T22:01:40","modified_gmt":"2022-05-20T22:01:40","slug":"periodista-cristal-acevedo-publica-su-primer-libro","status":"publish","type":"post","link":"https:\/\/larepublicanews.com.do\/live\/periodista-cristal-acevedo-publica-su-primer-libro\/","title":{"rendered":"Periodista Cristal Acevedo publica su primer libro"},"content":{"rendered":"<p>Santo Domingo, Rep. Dom.- La periodista Cristal Acevedo puso en circulaci\u00f3n su primer libro \u00abPeriodismo en la era de la transformaci\u00f3n digital\u00bb, acompa\u00f1ada de familiares, amigos y colegas.<\/p>\n<p>En el evento, el veterano periodista Jos\u00e9 Rafael Sosa estuvo a cargo de la presentaci\u00f3n del libro que consta de cinco cap\u00edtulos, resumidos en 136 p\u00e1ginas.<\/p>\n<p>En el texto, la periodista explica c\u00f3mo han ido evolucionando los medios digitales en la Rep\u00fablica Dominicana. Tambi\u00e9n se refiere a la forma en que debe manejarse el contenido en Internet y cu\u00e1les son los protocolos \u00e9ticos que debe seguir un periodista, comunicador o due\u00f1o de medio digital al difundir una informaci\u00f3n.<\/p>\n<p>\u00abPeriodismo en la era de la transformaci\u00f3n digital\u00bb tambi\u00e9n incluye textos autor\u00eda de Huchi Lora, Fausto Rosario y Javier Dar\u00edo Restrepo.<\/p>\n<p>En tanto, la presentaci\u00f3n de la autora la hizo el presidente del Colegio Dominicano de Periodistas (CDP), Aurelio Henr\u00edquez.<\/p>\n<p>Al momento de tomar la palabra en el acto, Acevedo agradeci\u00f3 a todas las empresas que por m\u00e1s de 10 a\u00f1os han apoyado las iniciativas encaminadas a mejorar la calidad de los medios digitales del pa\u00eds.<\/p>\n<p>Precis\u00f3 que escribi\u00f3 el libro para que el pa\u00eds cuente con una referencia bibliogr\u00e1fica que le permita a estudiantes y profesionales de la comunicaci\u00f3n encontrar informaci\u00f3n cient\u00edfica.<\/p>\n","protected":false},"excerpt":{"rendered":"<p>Santo Domingo, Rep. Dom.- La periodista Cristal Acevedo puso en circulaci\u00f3n su primer libro \u00abPeriodismo en la era de la transformaci\u00f3n digital\u00bb, acompa\u00f1ada de familiares, amigos y colegas. En el evento, el veterano periodista Jos\u00e9 Rafael Sosa estuvo a cargo de la presentaci\u00f3n del libro que consta de cinco cap\u00edtulos, resumidos en 136 p\u00e1ginas. En el texto, la periodista explica c\u00f3mo han ido evolucionando los medios digitales en la Rep\u00fablica Dominicana. Tambi\u00e9n se refiere a la forma en que debe manejarse el contenido en Internet y cu\u00e1les son los protocolos&hellip;<\/p>\n","protected":false},"author":2,"featured_media":1939,"comment_status":"open","ping_status":"open","sticky":false,"template":"","format":"standard","meta":{"rop_custom_images_group":[],"rop_custom_messages_group":[],"rop_publish_now":"initial","rop_publish_now_accounts":[],"rop_publish_now_history":[],"rop_publish_now_status":"pending","footnotes":""},"categories":[5,25,29],"tags":[293,294,290,289,291,295,292],"class_list":["post-1938","post","type-post","status-publish","format-standard","has-post-thumbnail","hentry","category-cultura","category-portada","category-sociedad","tag-circulacion","tag-cristal-acevedo","tag-leer","tag-libro","tag-libros","tag-periodismo","tag-texto"],"_links":{"self":[{"href":"https:\/\/larepublicanews.com.do\/live\/wp-json\/wp\/v2\/posts\/1938","targetHints":{"allow":["GET"]}}],"collection":[{"href":"https:\/\/larepublicanews.com.do\/live\/wp-json\/wp\/v2\/posts"}],"about":[{"href":"https:\/\/larepublicanews.com.do\/live\/wp-json\/wp\/v2\/types\/post"}],"author":[{"embeddable":true,"href":"https:\/\/larepublicanews.com.do\/live\/wp-json\/wp\/v2\/users\/2"}],"replies":[{"embeddable":true,"href":"https:\/\/larepublicanews.com.do\/live\/wp-json\/wp\/v2\/comments?post=1938"}],"version-history":[{"count":1,"href":"https:\/\/larepublicanews.com.do\/live\/wp-json\/wp\/v2\/posts\/1938\/revisions"}],"predecessor-version":[{"id":1940,"href":"https:\/\/larepublicanews.com.do\/live\/wp-json\/wp\/v2\/posts\/1938\/revisions\/1940"}],"wp:featuredmedia":[{"embeddable":true,"href":"https:\/\/larepublicanews.com.do\/live\/wp-json\/wp\/v2\/media\/1939"}],"wp:attachment":[{"href":"https:\/\/larepublicanews.com.do\/live\/wp-json\/wp\/v2\/media?parent=1938"}],"wp:term":[{"taxonomy":"category","embeddable":true,"href":"https:\/\/larepublicanews.com.do\/live\/wp-json\/wp\/v2\/categories?post=1938"},{"taxonomy":"post_tag","embeddable":true,"href":"https:\/\/larepublicanews.com.do\/live\/wp-json\/wp\/v2\/tags?post=1938"}],"curies":[{"name":"wp","href":"https:\/\/api.w.org\/{rel}","templated":true}]}}