{"id":1915,"date":"2022-03-07T14:43:47","date_gmt":"2022-03-07T14:43:47","guid":{"rendered":"https:\/\/larepublicanews.com.do\/live\/?p=1915"},"modified":"2022-03-07T14:43:47","modified_gmt":"2022-03-07T14:43:47","slug":"por-una-mayor-participacion-politica-de-las-mujeres","status":"publish","type":"post","link":"https:\/\/larepublicanews.com.do\/live\/por-una-mayor-participacion-politica-de-las-mujeres\/","title":{"rendered":"Por una mayor participaci\u00f3n pol\u00edtica de las mujeres"},"content":{"rendered":"<p class=\"s3\"><span class=\"s2\"><span class=\"bumpedFont15\">Por una mayor participaci\u00f3n pol\u00edtica de las mujeres<\/span><\/span><\/p>\n<p><span class=\"s4\"><span class=\"bumpedFont15\">Por Liza Collado<\/span><\/span><\/p>\n<p class=\"s5\"><span class=\"s2\"><span class=\"bumpedFont15\">La mujer <\/span><\/span><span class=\"s2\"><span class=\"bumpedFont15\">ha sido <\/span><\/span><span class=\"s2\"><span class=\"bumpedFont15\">innovadora<\/span><\/span><span class=\"s2\"><span class=\"bumpedFont15\"> en el transcurso de<\/span><\/span><span class=\"s2\"><span class=\"bumpedFont15\"> la historia<\/span><\/span><span class=\"s2\"><span class=\"bumpedFont15\">, jugando un rol importante en acontecimientos relevantes<\/span><\/span><span class=\"s2\"><span class=\"bumpedFont15\"> de la humanidad y encabezando su propia <\/span><\/span><span class=\"s2\"><span class=\"bumpedFont15\">lucha <\/span><\/span><span class=\"s2\"><span class=\"bumpedFont15\">por el<\/span><\/span><span class=\"s2\"><span class=\"bumpedFont15\"> reconocimiento, respeto y ejercicio pleno de sus <\/span><\/span><span class=\"s2\"><span class=\"bumpedFont15\">derechos<\/span><\/span><span class=\"s2\"><span class=\"bumpedFont15\"> sociales y pol\u00edticos<\/span><\/span><span class=\"s2\"><span class=\"bumpedFont15\">.<\/span><\/span><\/p>\n<p class=\"s5\"><span class=\"s2\"><span class=\"bumpedFont15\">Los hechos<\/span><\/span> <span class=\"s2\"><span class=\"bumpedFont15\">dan cuenta de que el pr\u00f3logo de los movimientos feministas se redact\u00f3 en Francia con la <\/span><\/span><span class=\"s2\"><span class=\"bumpedFont15\">R<\/span><\/span><span class=\"s2\"><span class=\"bumpedFont15\">evoluci\u00f3n <\/span><\/span><span class=\"s2\"><span class=\"bumpedFont15\">F<\/span><\/span><span class=\"s2\"><span class=\"bumpedFont15\">rancesa<\/span><\/span><span class=\"s2\"><span class=\"bumpedFont15\">, y<\/span><\/span> <span class=\"s2\"><span class=\"bumpedFont15\">l<\/span><\/span><span class=\"s2\"><span class=\"bumpedFont15\">uego de la <\/span><\/span><span class=\"s2\"><span class=\"bumpedFont15\">D<\/span><\/span><span class=\"s2\"><span class=\"bumpedFont15\">eclaraci\u00f3n de los <\/span><\/span><span class=\"s2\"><span class=\"bumpedFont15\">D<\/span><\/span><span class=\"s2\"><span class=\"bumpedFont15\">erechos del <\/span><\/span><span class=\"s2\"><span class=\"bumpedFont15\">H<\/span><\/span><span class=\"s2\"><span class=\"bumpedFont15\">ombre y del <\/span><\/span><span class=\"s2\"><span class=\"bumpedFont15\">C<\/span><\/span><span class=\"s2\"><span class=\"bumpedFont15\">iudadano<\/span><\/span><span class=\"s2\"><span class=\"bumpedFont15\">,<\/span><\/span><span class=\"s2\"><span class=\"bumpedFont15\"> fueron <\/span><\/span><span class=\"s2\"><span class=\"bumpedFont15\">reconocidos <\/span><\/span><span class=\"s2\"><span class=\"bumpedFont15\">muchos <\/span><\/span><span class=\"s2\"><span class=\"bumpedFont15\">derechos<\/span><\/span><span class=\"s2\"><span class=\"bumpedFont15\"> a<\/span><\/span><span class=\"s2\"><span class=\"bumpedFont15\"> las mujeres<\/span><\/span><span class=\"s2\"><span class=\"bumpedFont15\">.<\/span><\/span><\/p>\n<p class=\"s6\"><span class=\"s2\"><span class=\"bumpedFont15\">Para aquella fecha<\/span><\/span><span class=\"s2\"><span class=\"bumpedFont15\">, Mary Wollstonecraft<\/span><\/span><span class=\"s2\"><span class=\"bumpedFont15\">, una <\/span><\/span><span class=\"s2\"><span class=\"bumpedFont15\">luchadora <\/span><\/span><span class=\"s2\"><span class=\"bumpedFont15\">y deci<\/span><\/span><span class=\"s2\"><span class=\"bumpedFont15\">dida mujer <\/span><\/span><span class=\"s2\"><span class=\"bumpedFont15\">record\u00f3<\/span><\/span><span class=\"s2\"><span class=\"bumpedFont15\"> a los revolucionarios que en su declaraci\u00f3n hab\u00edan ignorado los derechos de las mujeres y <\/span><\/span><span class=\"s2\"><span class=\"bumpedFont15\">en procura de<\/span><\/span><span class=\"s2\"><span class=\"bumpedFont15\"> remediar esto escribi\u00f3<\/span><\/span><span class=\"s2\"><span class=\"bumpedFont15\"> en 1792 <\/span><\/span><span class=\"s2\"><span class=\"bumpedFont15\">\u201c<\/span><\/span><span class=\"s2\"><span class=\"bumpedFont15\">V<\/span><\/span><span class=\"s2\"><span class=\"bumpedFont15\">indicaci\u00f3n de los Derechos de la Mujer<\/span><\/span><span class=\"s2\"><span class=\"bumpedFont15\">\u201d, en la que sale al frente a una serie de prejuicios y estigmas contra las mujeres expuestos en obras de autores de la talla del franc\u00e9s Jean Jacques Rousseau -quien decia que las mujeres deb\u00edan educadores para el placer-, y el brit\u00e1nico Edmundo Burke, quien asociaba la debilidad a lo femenino.<\/span><\/span><\/p>\n<p class=\"s6\"><span class=\"s2\"><span class=\"bumpedFont15\">En<\/span><\/span><span class=\"s2\"><span class=\"bumpedFont15\"> 1870 se reiniciaron las discusiones sobre la formaci\u00f3n universitaria y profesional de la mujer, qu<\/span><\/span><span class=\"s2\"><span class=\"bumpedFont15\">e<\/span><\/span> <span class=\"s2\"><span class=\"bumpedFont15\">hab\u00eda tenido<\/span><\/span><span class=\"s2\"><span class=\"bumpedFont15\">como desencadenante a Florence Nightingale, responsable de la organizaci\u00f3n sanitaria en la guerra de Crimea en el a\u00f1o 1855<\/span><\/span><span class=\"s2\"><span class=\"bumpedFont15\">. \u00a0Esta extraordinaria muje<\/span><\/span><span class=\"s2\"><span class=\"bumpedFont15\">r<\/span><\/span><span class=\"s2\"><span class=\"bumpedFont15\"> busc\u00f3 enfermeras cualificadas<\/span><\/span><span class=\"s2\"><span class=\"bumpedFont15\">,<\/span><\/span> <span class=\"s2\"><span class=\"bumpedFont15\">las <\/span><\/span><span class=\"s2\"><span class=\"bumpedFont15\">que<\/span><\/span><span class=\"s2\"><span class=\"bumpedFont15\"> garantizando la asistencia m\u00e9dica <\/span><\/span><span class=\"s2\"><span class=\"bumpedFont15\">de calidad <\/span><\/span><span class=\"s2\"><span class=\"bumpedFont15\">en medio del conflicto b\u00e9lico, <\/span><\/span><span class=\"s2\"><span class=\"bumpedFont15\">consiguieron la reducci\u00f3n de la tasa de mortalidad de los soldados heridos de 42 al 1 por ciento.<\/span><\/span> <span class=\"s2\"><span class=\"bumpedFont15\">La<\/span><\/span><span class=\"s2\"><span class=\"bumpedFont15\"> combinaci\u00f3n mujer <\/span><\/span><span class=\"s2\"><span class=\"bumpedFont15\">e innovaci\u00f3n <\/span><\/span><span class=\"s2\"><span class=\"bumpedFont15\">fue exitosa<\/span><\/span><span class=\"s2\"><span class=\"bumpedFont15\"> para enfrentar las secuelas fatales de esa guerra<\/span><\/span><span class=\"s2\"><span class=\"bumpedFont15\">.<\/span><\/span><\/p>\n<p class=\"s6\"><span class=\"s2\"><span class=\"bumpedFont15\">Al finalizar <\/span><\/span><span class=\"s2\"><span class=\"bumpedFont15\">la guerra<\/span><\/span><span class=\"s2\"><span class=\"bumpedFont15\"> formaron<\/span><\/span><span class=\"s2\"><span class=\"bumpedFont15\"> el sistema sanitario del ej\u00e9rcito y <\/span><\/span><span class=\"s2\"><span class=\"bumpedFont15\">Nightingale <\/span><\/span><span class=\"s2\"><span class=\"bumpedFont15\">colabor\u00f3 en la consolidaci\u00f3n de la Cruz Roja, organismo que hab\u00eda fundado Henri Dunant<\/span><\/span><span class=\"s2\"><span class=\"bumpedFont15\"> y que hasta la actualidad realiza una labor social en todo el mundo<\/span><\/span><span class=\"s2\"><span class=\"bumpedFont15\">.<\/span><\/span><\/p>\n<p class=\"s6\"><span class=\"s2\"><span class=\"bumpedFont15\">De forma paralela<\/span><\/span><span class=\"s2\"><span class=\"bumpedFont15\"> a estos esfuerzos <\/span><\/span><span class=\"s2\"><span class=\"bumpedFont15\">se <\/span><\/span><span class=\"s2\"><span class=\"bumpedFont15\">fueron<\/span><\/span> <span class=\"s2\"><span class=\"bumpedFont15\">fundando los \u201c<\/span><\/span><span class=\"s2\"><span class=\"bumpedFont15\">Women<\/span><\/span><span class=\"s2\"><span class=\"bumpedFont15\">\u00b4<\/span><\/span><span class=\"s2\"><span class=\"bumpedFont15\">s<\/span><\/span><span class=\"s2\"><span class=\"bumpedFont15\"> Collage\u201d en las universidades de Oxford y Cambrige,<\/span><\/span><span class=\"s2\"><span class=\"bumpedFont15\"> lo<\/span><\/span><span class=\"s2\"><span class=\"bumpedFont15\"> que permiti\u00f3 a las mujeres acceder a la ense\u00f1anza superior<\/span><\/span><span class=\"s2\"><span class=\"bumpedFont15\"> con una participaci\u00f3n destacada<\/span><\/span><span class=\"s2\"><span class=\"bumpedFont15\">.<\/span><\/span><\/p>\n<p class=\"s6\"><span class=\"s2\"><span class=\"bumpedFont15\">A<\/span><\/span> <span class=\"s2\"><span class=\"bumpedFont15\">mediados de <\/span><\/span><span class=\"s2\"><span class=\"bumpedFont15\">1870<\/span><\/span> <span class=\"s2\"><span class=\"bumpedFont15\">Emma<\/span><\/span><span class=\"s2\"><span class=\"bumpedFont15\"> Patterson ya hab\u00eda fundado un sindicato de mujeres trabajadoras<\/span><\/span><span class=\"s2\"><span class=\"bumpedFont15\">,<\/span><\/span><span class=\"s2\"><span class=\"bumpedFont15\"> George Bernard Shaw dedicaba su talento como dramaturgo al tema de la emancipaci\u00f3n de la mujer<\/span><\/span><span class=\"s2\"><span class=\"bumpedFont15\">.\u00a0<\/span><\/span><\/p>\n<p class=\"s6\"><span class=\"s2\"><span class=\"bumpedFont15\">No obstante, no fue hasta<\/span><\/span><span class=\"s2\"><span class=\"bumpedFont15\"> el <\/span><\/span><span class=\"s7\"><span class=\"bumpedFont15\">suffrage<\/span><\/span><span class=\"s7\"><span class=\"bumpedFont15\">,<\/span><\/span><span class=\"s2\"><span class=\"bumpedFont15\"> o movimiento sufragista de principios del siglo XX<\/span><\/span><span class=\"s2\"><span class=\"bumpedFont15\">, cuando la exigencia por el respeto de los derechos de la mujer alcanz\u00f3 una dimensi\u00f3n pol\u00edtica de envergadura, al reclamarse el derecho al voto por parte de las mujeres en igualdad de condiciones que los hombres<\/span><\/span><span class=\"s2\"><span class=\"bumpedFont15\">.<\/span><\/span><\/p>\n<p class=\"s6\"><span class=\"s2\"><span class=\"bumpedFont15\">E<\/span><\/span><span class=\"s2\"><span class=\"bumpedFont15\">n 1906 <\/span><\/span><span class=\"s2\"><span class=\"bumpedFont15\">Emmline <\/span><\/span><span class=\"s2\"><span class=\"bumpedFont15\">Pankhurts<\/span><\/span> <span class=\"s2\"><span class=\"bumpedFont15\">fund<\/span><\/span><span class=\"s2\"><span class=\"bumpedFont15\">\u00f3<\/span><\/span><span class=\"s2\"><span class=\"bumpedFont15\"> la <\/span><\/span><span class=\"s7\"><span class=\"bumpedFont15\">Uni\u00f3n Femenina Social y Pol\u00edtica<\/span><\/span><span class=\"s2\"><span class=\"bumpedFont15\">, <\/span><\/span><span class=\"s2\"><span class=\"bumpedFont15\">y en<\/span><\/span><span class=\"s2\"><span class=\"bumpedFont15\"> 1907 se <\/span><\/span><span class=\"s2\"><span class=\"bumpedFont15\">cre\u00f3<\/span><\/span><span class=\"s2\"><span class=\"bumpedFont15\"> la <\/span><\/span><span class=\"s7\"><span class=\"bumpedFont15\">Liga de <\/span><\/span><span class=\"s7\"><span class=\"bumpedFont15\">H<\/span><\/span><span class=\"s7\"><span class=\"bumpedFont15\">ombres a favor del <\/span><\/span><span class=\"s7\"><span class=\"bumpedFont15\">S<\/span><\/span><span class=\"s7\"><span class=\"bumpedFont15\">ufragio <\/span><\/span><span class=\"s7\"><span class=\"bumpedFont15\">F<\/span><\/span><span class=\"s7\"><span class=\"bumpedFont15\">emenino<\/span><\/span><span class=\"s2\"><span class=\"bumpedFont15\">, convirti\u00e9ndose <\/span><\/span><span class=\"s2\"><span class=\"bumpedFont15\">su<\/span><\/span><span class=\"s2\"><span class=\"bumpedFont15\"> revista <\/span><\/span><span class=\"s7\"><span class=\"bumpedFont15\">Votes for Women<\/span><\/span><span class=\"s2\"><span class=\"bumpedFont15\"> en la voz de sus militantes.<\/span><\/span><span class=\"s2\"><span class=\"bumpedFont15\"> Todo esto, por el reconocimiento del derecho a la igualdad <\/span><\/span><span class=\"s2\"><span class=\"bumpedFont15\">pol\u00edtica <\/span><\/span><span class=\"s2\"><span class=\"bumpedFont15\">entre mujeres y hombres.<\/span><\/span><\/p>\n<p class=\"s6\"><span class=\"s2\"><span class=\"bumpedFont15\">P<\/span><\/span><span class=\"s2\"><span class=\"bumpedFont15\">ara <\/span><\/span><span class=\"s2\"><span class=\"bumpedFont15\">el a\u00f1o 1966, la organizaci\u00f3n NOW (National Organisation of Women) en el marco del movimiento en pro de los derechos civiles en Estados Unidos, fue el punto de partida para el movimiento cultural revolucionario feminista, consiguiendo que las mujeres pol\u00edticas lograran la aceptaci\u00f3n de todas las formas gramaticales femeninas en los textos oficiales del Estado.<\/span><\/span><span class=\"s2\"><span class=\"bumpedFont15\"> Sin dudas<\/span><\/span><span class=\"s2\"><span class=\"bumpedFont15\">, la conquista de una innovadora propuesta.<\/span><\/span><\/p>\n<p class=\"s6\"><span class=\"s2\"><span class=\"bumpedFont15\">Desde entonces, hasta nuestros d\u00edas, las mujeres hemos alcanzado grandes conquistas<\/span><\/span><span class=\"s2\"><span class=\"bumpedFont15\">, incluyendo el derecho al voto en la mayor\u00eda de las democracias, ya sean presidencialistas o parlamentarias. <\/span><\/span><span class=\"s2\"><span class=\"bumpedFont15\">Incluso, muchas democracias modernas han sido dirigidas por mujeres excepcionales como Angela Merkel, Margaret Thatcher, Indhira Gandhi, Benazir Bhutto, Golda <\/span><\/span><span class=\"s2\"><span class=\"bumpedFont15\">Meir<\/span><\/span><span class=\"s2\"><span class=\"bumpedFont15\">,<\/span><\/span><span class=\"s2\"><span class=\"bumpedFont15\"> Michelle Bachelet, <\/span><\/span><span class=\"s2\"><span class=\"bumpedFont15\">Dhilam<\/span><\/span><span class=\"s2\"><span class=\"bumpedFont15\"> Roussef, <\/span><\/span><span class=\"s2\"><span class=\"bumpedFont15\">Violeta Chamorro, Coraz\u00f3n Aquino, Laura Chinchilla, Cristina Fern\u00e1ndez, Mireya Moscoso, Isabel Per\u00f3n, y muchas otras m\u00e1s.<\/span><\/span><\/p>\n<p class=\"s6\"><span class=\"s2\"><span class=\"bumpedFont15\">Pero eso no es suficiente, porque el derecho al voto es un acto de reafirmaci\u00f3n democr\u00e1tica formal, que ocurre una vez cada cuatro, cinco o seis a\u00f1os (dependiendo de la duraci\u00f3n de los mandatos, pudiendo ser mas frecuente en los reg\u00edmenes parlamentarios). \u00a0<\/span><\/span><\/p>\n<p class=\"s6\"><span class=\"s2\"><span class=\"bumpedFont15\">Ese ritual de consulta de la \u201cvoluntad popular\u201d tiene que complementarse con un acceso de las mujeres a los cargos de decisi\u00f3n pol\u00edtica en condiciones de igualdad. \u00a0Nunca hemos creido en las \u201ccuotas de participaci\u00f3n\u201d de las mujeres<\/span><\/span><span class=\"s2\"><span class=\"bumpedFont15\"> (aunque reconocemos que en pa\u00edses como el nuestro a\u00fan <\/span><\/span><span class=\"s2\"><span class=\"bumpedFont15\">son <\/span><\/span><span class=\"s2\"><span class=\"bumpedFont15\">necesarias)<\/span><\/span><span class=\"s2\"><span class=\"bumpedFont15\">, que <\/span><\/span><span class=\"s2\"><span class=\"bumpedFont15\">muchas<\/span><\/span><span class=\"s2\"><span class=\"bumpedFont15\"> veces s\u00f3lo reafirman una condici\u00f3n de desigualdad real, sino en el derecho que tenemos todas las mujeres de acceder a los puestos de decisi\u00f3n <\/span><\/span><span class=\"s2\"><span class=\"bumpedFont15\">pol\u00edtica en igualdad de condiciones, tomando en cuenta nuestros talentos, nuestra experiencia y formaci\u00f3n.<\/span><\/span><\/p>\n<p class=\"s6\"><span class=\"s2\"><span class=\"bumpedFont15\">Ahora bien, una mayor participaci\u00f3n de la mujer en los puestos o cargos de decisi\u00f3n pol\u00edtica no debe ser el resultado de meras \u201caplicaciones de la ley\u201d, sino que <\/span><\/span><span class=\"s2\"><span class=\"bumpedFont15\">es necesario<\/span><\/span><span class=\"s2\"><span class=\"bumpedFont15\"> fomentar una <\/span><\/span><span class=\"s7\"><span class=\"bumpedFont15\">cultura de igualdad pol\u00edtica hombre-mujer<\/span><\/span><span class=\"s2\"><span class=\"bumpedFont15\">, en la que la sociedad civil y, sobre todo, los partidos pol\u00edticos deben jugar un rol importante.<\/span><\/span><\/p>\n<p class=\"s6\"><span class=\"s2\"><span class=\"bumpedFont15\">Los partidos no pueden defender los derechos de igualdad pol\u00edtica de las mujeres, cuando sus c\u00fapulas no son el reflejo de esa \u201cigualdad\u201d que se pregona, sino que replican las viejas estructura<\/span><\/span><span class=\"s2\"><span class=\"bumpedFont15\">s<\/span><\/span><span class=\"s2\"><span class=\"bumpedFont15\"> patriarcales y machistas de los siglos pasados.<\/span><\/span><\/p>\n<p class=\"s6\"><span class=\"s2\"><span class=\"bumpedFont15\">Lo que est\u00e1 sucediendo en las escuelas y universidades, donde en muchos casos las matr\u00edculas femeninas superan las de los hombres, y lo propio sucede en muchas medianas y grandes empresas a nivel ejecutiv<\/span><\/span><span class=\"s2\"><span class=\"bumpedFont15\">o<\/span><\/span><span class=\"s2\"><span class=\"bumpedFont15\">, deja claro que la renovaci\u00f3n pol\u00edtica a que est\u00e1 abocado el sistema pol\u00edtico dominicano -y el partidario en particular-, pasa por darle cada <\/span><\/span><span class=\"s2\"><span class=\"bumpedFont15\">d\u00eda<\/span><\/span><span class=\"s2\"><span class=\"bumpedFont15\"> una mayor participaci\u00f3n y protagonismo a ese <\/span><\/span><span class=\"s2\"><span class=\"bumpedFont15\">ej\u00e9rcito<\/span><\/span><span class=\"s2\"><span class=\"bumpedFont15\"> de mujeres dominicanas que, en las \u00faltimas d\u00e9cadas se han venido formando, educando, y esperando la oportunidad de servir de la mejor forma posible a su <\/span><\/span><span class=\"s2\"><span class=\"bumpedFont15\">pa\u00eds<\/span><\/span><span class=\"s2\"><span class=\"bumpedFont15\">.<\/span><\/span><\/p>\n<p class=\"s6\"><span class=\"s2\"><span class=\"bumpedFont15\">No habr\u00e1 una transformaci\u00f3n importante en la sociedad dominicana si las mujeres siguen sie<\/span><\/span><span class=\"s2\"><span class=\"bumpedFont15\">nd<\/span><\/span><span class=\"s2\"><span class=\"bumpedFont15\">o excluidas o marginadas de las grandes decisiones pol\u00edticas, y de los puestos de decisi\u00f3n, que no <\/span><\/span><span class=\"s2\"><span class=\"bumpedFont15\">por \u201c<\/span><\/span><span class=\"s2\"><span class=\"bumpedFont15\">cuotas\u201d<\/span><\/span><span class=\"s2\"><span class=\"bumpedFont15\"> -por el hecho de ser mujeres-<\/span><\/span><span class=\"s2\"><span class=\"bumpedFont15\">, sino por capacidad, talento, honestidad y dedicaci\u00f3n, deber\u00edan estar desempe\u00f1ando.<\/span><\/span><\/p>\n","protected":false},"excerpt":{"rendered":"<p>Por una mayor participaci\u00f3n pol\u00edtica de las mujeres Por Liza Collado La mujer ha sido innovadora en el transcurso de la historia, jugando un rol importante en acontecimientos relevantes de la humanidad y encabezando su propia lucha por el reconocimiento, respeto y ejercicio pleno de sus derechos sociales y pol\u00edticos. Los hechos dan cuenta de que el pr\u00f3logo de los movimientos feministas se redact\u00f3 en Francia con la Revoluci\u00f3n Francesa, y luego de la Declaraci\u00f3n de los Derechos del Hombre y del Ciudadano, fueron reconocidos muchos derechos a las mujeres.&hellip;<\/p>\n","protected":false},"author":2,"featured_media":1916,"comment_status":"open","ping_status":"open","sticky":false,"template":"","format":"standard","meta":{"rop_custom_images_group":[],"rop_custom_messages_group":[],"rop_publish_now":"initial","rop_publish_now_accounts":[],"rop_publish_now_history":[],"rop_publish_now_status":"pending","footnotes":""},"categories":[11,70,50,24],"tags":[271,274,272,273,270,111,255],"class_list":["post-1915","post","type-post","status-publish","format-standard","has-post-thumbnail","hentry","category-editorial","category-jce","category-opinion","category-politica","tag-actualidad","tag-elecciones","tag-junta-central-electoral","tag-mujeres","tag-opinion","tag-pais","tag-politica"],"_links":{"self":[{"href":"https:\/\/larepublicanews.com.do\/live\/wp-json\/wp\/v2\/posts\/1915","targetHints":{"allow":["GET"]}}],"collection":[{"href":"https:\/\/larepublicanews.com.do\/live\/wp-json\/wp\/v2\/posts"}],"about":[{"href":"https:\/\/larepublicanews.com.do\/live\/wp-json\/wp\/v2\/types\/post"}],"author":[{"embeddable":true,"href":"https:\/\/larepublicanews.com.do\/live\/wp-json\/wp\/v2\/users\/2"}],"replies":[{"embeddable":true,"href":"https:\/\/larepublicanews.com.do\/live\/wp-json\/wp\/v2\/comments?post=1915"}],"version-history":[{"count":1,"href":"https:\/\/larepublicanews.com.do\/live\/wp-json\/wp\/v2\/posts\/1915\/revisions"}],"predecessor-version":[{"id":1917,"href":"https:\/\/larepublicanews.com.do\/live\/wp-json\/wp\/v2\/posts\/1915\/revisions\/1917"}],"wp:featuredmedia":[{"embeddable":true,"href":"https:\/\/larepublicanews.com.do\/live\/wp-json\/wp\/v2\/media\/1916"}],"wp:attachment":[{"href":"https:\/\/larepublicanews.com.do\/live\/wp-json\/wp\/v2\/media?parent=1915"}],"wp:term":[{"taxonomy":"category","embeddable":true,"href":"https:\/\/larepublicanews.com.do\/live\/wp-json\/wp\/v2\/categories?post=1915"},{"taxonomy":"post_tag","embeddable":true,"href":"https:\/\/larepublicanews.com.do\/live\/wp-json\/wp\/v2\/tags?post=1915"}],"curies":[{"name":"wp","href":"https:\/\/api.w.org\/{rel}","templated":true}]}}