{"id":1900,"date":"2022-01-19T16:11:11","date_gmt":"2022-01-19T16:11:11","guid":{"rendered":"https:\/\/larepublicanews.com.do\/live\/?p=1900"},"modified":"2022-01-19T16:11:11","modified_gmt":"2022-01-19T16:11:11","slug":"salud-publica-reitera-a-la-ciudadania-que-a-partir-del-31-de-enero-exigira-3-dosis-minimo-de-vacunas","status":"publish","type":"post","link":"https:\/\/larepublicanews.com.do\/live\/salud-publica-reitera-a-la-ciudadania-que-a-partir-del-31-de-enero-exigira-3-dosis-minimo-de-vacunas\/","title":{"rendered":"Salud p\u00fablica reitera a la ciudadan\u00eda que a partir del 31 de Enero, exigir\u00e1 3 dosis m\u00ednimo de vacunas."},"content":{"rendered":"<p>Santo Domingo, RD<\/p>\n<p>El Ministerio de Salud P\u00fablica reitera que a partir del 31 de este mes todos los mayores de 18 a\u00f1os tendr\u00e1n que haber completado el esquema de tres dosis de vacunas contra el coronavirus para entrar a espacios cerrados y abordar el transporte p\u00fablico.<\/p>\n<p>Luis Manuel Tolentino, director jur\u00eddico del Ministerio de Salud P\u00fablica, insisti\u00f3 en que esa medida est\u00e1 contenida en la resoluci\u00f3n 000069 y se aplicar\u00e1 en todo el pa\u00eds.<\/p>\n<p>Indic\u00f3 que solo podr\u00e1n mostrar tarjeta con dos dosis las personas que dieron positivos recientemente y que deben presentar la prueba de Covid positiva.<\/p>\n<p>Recomienda que tras un mes de dar positivo, las personas pueden inocularse con la tercera dosis de la vacuna.<\/p>\n<p>Dijo que el 70% de la poblaci\u00f3n no se ha puesto la tercera dosis e inst\u00f3 a completar el esquema. Sostuvo que las autoridades reconocen las vacunas que se pusieron en el extranjero.<\/p>\n<p>El funcionario indic\u00f3 que lo ideal es que si una persona se vacun\u00f3 con dos dosis de sinovac, la tercera sea Pfizer y viceversa.<\/p>\n","protected":false},"excerpt":{"rendered":"<p>Santo Domingo, RD El Ministerio de Salud P\u00fablica reitera que a partir del 31 de este mes todos los mayores de 18 a\u00f1os tendr\u00e1n que haber completado el esquema de tres dosis de vacunas contra el coronavirus para entrar a espacios cerrados y abordar el transporte p\u00fablico. Luis Manuel Tolentino, director jur\u00eddico del Ministerio de Salud P\u00fablica, insisti\u00f3 en que esa medida est\u00e1 contenida en la resoluci\u00f3n 000069 y se aplicar\u00e1 en todo el pa\u00eds. Indic\u00f3 que solo podr\u00e1n mostrar tarjeta con dos dosis las personas que dieron positivos recientemente&hellip;<\/p>\n","protected":false},"author":2,"featured_media":1901,"comment_status":"open","ping_status":"open","sticky":false,"template":"","format":"standard","meta":{"rop_custom_images_group":[],"rop_custom_messages_group":[],"rop_publish_now":"initial","rop_publish_now_accounts":[],"rop_publish_now_history":[],"rop_publish_now_status":"pending","footnotes":""},"categories":[46,66,64,68],"tags":[263,262,265,261,106,264,260],"class_list":["post-1900","post","type-post","status-publish","format-standard","has-post-thumbnail","hentry","category-covid-19","category-gobierno","category-salud-publica","category-vacunacion","tag-3era-dosis","tag-covid19","tag-exigira","tag-salud","tag-salud-publica","tag-tres-dosis","tag-vacunacion"],"_links":{"self":[{"href":"https:\/\/larepublicanews.com.do\/live\/wp-json\/wp\/v2\/posts\/1900","targetHints":{"allow":["GET"]}}],"collection":[{"href":"https:\/\/larepublicanews.com.do\/live\/wp-json\/wp\/v2\/posts"}],"about":[{"href":"https:\/\/larepublicanews.com.do\/live\/wp-json\/wp\/v2\/types\/post"}],"author":[{"embeddable":true,"href":"https:\/\/larepublicanews.com.do\/live\/wp-json\/wp\/v2\/users\/2"}],"replies":[{"embeddable":true,"href":"https:\/\/larepublicanews.com.do\/live\/wp-json\/wp\/v2\/comments?post=1900"}],"version-history":[{"count":1,"href":"https:\/\/larepublicanews.com.do\/live\/wp-json\/wp\/v2\/posts\/1900\/revisions"}],"predecessor-version":[{"id":1902,"href":"https:\/\/larepublicanews.com.do\/live\/wp-json\/wp\/v2\/posts\/1900\/revisions\/1902"}],"wp:featuredmedia":[{"embeddable":true,"href":"https:\/\/larepublicanews.com.do\/live\/wp-json\/wp\/v2\/media\/1901"}],"wp:attachment":[{"href":"https:\/\/larepublicanews.com.do\/live\/wp-json\/wp\/v2\/media?parent=1900"}],"wp:term":[{"taxonomy":"category","embeddable":true,"href":"https:\/\/larepublicanews.com.do\/live\/wp-json\/wp\/v2\/categories?post=1900"},{"taxonomy":"post_tag","embeddable":true,"href":"https:\/\/larepublicanews.com.do\/live\/wp-json\/wp\/v2\/tags?post=1900"}],"curies":[{"name":"wp","href":"https:\/\/api.w.org\/{rel}","templated":true}]}}