{"id":1896,"date":"2021-10-29T14:32:54","date_gmt":"2021-10-29T14:32:54","guid":{"rendered":"https:\/\/larepublicanews.com.do\/live\/?p=1896"},"modified":"2021-10-29T14:32:54","modified_gmt":"2021-10-29T14:32:54","slug":"reinaldo-pared-perez-muere-en-un-aparente-suicidio","status":"publish","type":"post","link":"https:\/\/larepublicanews.com.do\/live\/reinaldo-pared-perez-muere-en-un-aparente-suicidio\/","title":{"rendered":"Reinaldo Pared P\u00e9rez muere en un aparente suicidio"},"content":{"rendered":"<p>SANTO DOMINGO.- El exsecretario general del Partido de la Liberaci\u00f3n Dominicana, Reinaldo Pared P\u00e9rez, muri\u00f3 la noche de este jueves en lo que parece ser un suicidio.<\/p>\n<p>Pared P\u00e9rez estaba padeciendo episodios de depresi\u00f3n como consecuencia de los problemas de salud que le provoc\u00f3 un c\u00e1ncer que se le detect\u00f3 hace dos a\u00f1os y por el cual estaba en tratamiento.<\/p>\n<p>El dirigente pol\u00edtico se quit\u00f3 la vida en una residencia veraniega en Juan Dolio, donde permanec\u00eda gran parte de su tiempo luego de la enfermedad.<\/p>\n<p>Pared P\u00e9rez fue presidente del Senado por siete a\u00f1os y en dos oportunidades intent\u00f3 obtener la nominaci\u00f3n presidencial por el Partido de la Liberaci\u00f3n Dominicana.<\/p>\n<p>El suceso ocurri\u00f3 en la habitaci\u00f3n principal de la casa en Juan Dolio, donde Pared P\u00e9rez estaba junto a su esposa. Estaba vestido con camisa manga larga, sandalias y un pantal\u00f3n tipo jean negro.<\/p>\n<p>Fue encontrado con una pistola marca Glock cercano a su mano izquierda<\/p>\n","protected":false},"excerpt":{"rendered":"<p>SANTO DOMINGO.- El exsecretario general del Partido de la Liberaci\u00f3n Dominicana, Reinaldo Pared P\u00e9rez, muri\u00f3 la noche de este jueves en lo que parece ser un suicidio. Pared P\u00e9rez estaba padeciendo episodios de depresi\u00f3n como consecuencia de los problemas de salud que le provoc\u00f3 un c\u00e1ncer que se le detect\u00f3 hace dos a\u00f1os y por el cual estaba en tratamiento. El dirigente pol\u00edtico se quit\u00f3 la vida en una residencia veraniega en Juan Dolio, donde permanec\u00eda gran parte de su tiempo luego de la enfermedad. Pared P\u00e9rez fue presidente del&hellip;<\/p>\n","protected":false},"author":2,"featured_media":1897,"comment_status":"open","ping_status":"open","sticky":false,"template":"","format":"standard","meta":{"rop_custom_images_group":[],"rop_custom_messages_group":[],"rop_publish_now":"initial","rop_publish_now_accounts":[],"rop_publish_now_history":[],"rop_publish_now_status":"pending","footnotes":""},"categories":[2,22,24,25],"tags":[259,254,255,253,256,257,258],"class_list":["post-1896","post","type-post","status-publish","format-standard","has-post-thumbnail","hentry","category-actualidad","category-noticia","category-politica","category-portada","tag-diputados","tag-pld","tag-politica","tag-reinaldo-pared","tag-secretario-general","tag-senado-de-la-republica","tag-senadores"],"_links":{"self":[{"href":"https:\/\/larepublicanews.com.do\/live\/wp-json\/wp\/v2\/posts\/1896","targetHints":{"allow":["GET"]}}],"collection":[{"href":"https:\/\/larepublicanews.com.do\/live\/wp-json\/wp\/v2\/posts"}],"about":[{"href":"https:\/\/larepublicanews.com.do\/live\/wp-json\/wp\/v2\/types\/post"}],"author":[{"embeddable":true,"href":"https:\/\/larepublicanews.com.do\/live\/wp-json\/wp\/v2\/users\/2"}],"replies":[{"embeddable":true,"href":"https:\/\/larepublicanews.com.do\/live\/wp-json\/wp\/v2\/comments?post=1896"}],"version-history":[{"count":1,"href":"https:\/\/larepublicanews.com.do\/live\/wp-json\/wp\/v2\/posts\/1896\/revisions"}],"predecessor-version":[{"id":1898,"href":"https:\/\/larepublicanews.com.do\/live\/wp-json\/wp\/v2\/posts\/1896\/revisions\/1898"}],"wp:featuredmedia":[{"embeddable":true,"href":"https:\/\/larepublicanews.com.do\/live\/wp-json\/wp\/v2\/media\/1897"}],"wp:attachment":[{"href":"https:\/\/larepublicanews.com.do\/live\/wp-json\/wp\/v2\/media?parent=1896"}],"wp:term":[{"taxonomy":"category","embeddable":true,"href":"https:\/\/larepublicanews.com.do\/live\/wp-json\/wp\/v2\/categories?post=1896"},{"taxonomy":"post_tag","embeddable":true,"href":"https:\/\/larepublicanews.com.do\/live\/wp-json\/wp\/v2\/tags?post=1896"}],"curies":[{"name":"wp","href":"https:\/\/api.w.org\/{rel}","templated":true}]}}