{"id":1882,"date":"2021-10-28T14:30:37","date_gmt":"2021-10-28T14:30:37","guid":{"rendered":"https:\/\/larepublicanews.com.do\/live\/?p=1882"},"modified":"2021-10-28T14:30:37","modified_gmt":"2021-10-28T14:30:37","slug":"la-asociacion-de-industrias-entienden-muy-acertada-decision-de-postergar-la-discusion-de-una-reforma-tributaria","status":"publish","type":"post","link":"https:\/\/larepublicanews.com.do\/live\/la-asociacion-de-industrias-entienden-muy-acertada-decision-de-postergar-la-discusion-de-una-reforma-tributaria\/","title":{"rendered":"La Asociaci\u00f3n de Industrias entienden \u00abmuy acertada\u00bb decisi\u00f3n de postergar la discusi\u00f3n de una reforma tributaria"},"content":{"rendered":"<p>Santo Domingo, RD. Celso Juan Marranzini, presidente de la Asociaci\u00f3n de Industrias de Rep\u00fablica Dominicana (AIRD) salud\u00f3 el mensaje del presidente Luis Abinader a la naci\u00f3n, en el que llama a la unidad, armon\u00eda y genera m\u00e1s compromiso y confianza para seguir trabajando por la recuperaci\u00f3n de la econom\u00eda y los empleos.<\/p>\n<p>\u00abEntendemos muy acertado postergar la discusi\u00f3n de una reforma tributaria fuera del marco del Pacto Fiscal que manda la Ley Estrategia Nacional de Desarrollo en los actuales momentos de adversidad que aun sigue planteando la pandemia y sus efectos importados\u00bb, dijo el dirigente del gremio industrial a List\u00edn Diario.<\/p>\n<p>De igual forma manifest\u00f3 su respaldo a las acciones del Gobierno para seguir mejorando la calidad del gasto p\u00fablico, reduciendo el d\u00e9ficit del sector el\u00e9ctrico, eficientizando la administraci\u00f3n tributaria, y luchando contra la evasi\u00f3n y los il\u00edcitos.<\/p>\n<p>\u201cNo vamos a aumentar impuesto. Y hoy quiero anunciarles que no someteremos ninguna reforma tributaria. Ahora nuestra \u00fanica prioridad es consolidar la recuperaci\u00f3n econ\u00f3mica\u201d, dijo el mandatario la noche de este mircoles en una alocuci\u00f3n al pa\u00eds.<\/p>\n<p><strong>Fuente: List\u00edn Diario<\/strong><\/p>\n","protected":false},"excerpt":{"rendered":"<p>Santo Domingo, RD. Celso Juan Marranzini, presidente de la Asociaci\u00f3n de Industrias de Rep\u00fablica Dominicana (AIRD) salud\u00f3 el mensaje del presidente Luis Abinader a la naci\u00f3n, en el que llama a la unidad, armon\u00eda y genera m\u00e1s compromiso y confianza para seguir trabajando por la recuperaci\u00f3n de la econom\u00eda y los empleos. \u00abEntendemos muy acertado postergar la discusi\u00f3n de una reforma tributaria fuera del marco del Pacto Fiscal que manda la Ley Estrategia Nacional de Desarrollo en los actuales momentos de adversidad que aun sigue planteando la pandemia y sus&hellip;<\/p>\n","protected":false},"author":2,"featured_media":1883,"comment_status":"open","ping_status":"open","sticky":false,"template":"","format":"standard","meta":{"rop_custom_images_group":[],"rop_custom_messages_group":[],"rop_publish_now":"initial","rop_publish_now_accounts":[],"rop_publish_now_history":[],"rop_publish_now_status":"pending","footnotes":""},"categories":[2,10],"tags":[236,121,234,235],"class_list":["post-1882","post","type-post","status-publish","format-standard","has-post-thumbnail","hentry","category-actualidad","category-economia","tag-industrias","tag-luis-abinader","tag-reforma-fiscal","tag-tributaria"],"_links":{"self":[{"href":"https:\/\/larepublicanews.com.do\/live\/wp-json\/wp\/v2\/posts\/1882","targetHints":{"allow":["GET"]}}],"collection":[{"href":"https:\/\/larepublicanews.com.do\/live\/wp-json\/wp\/v2\/posts"}],"about":[{"href":"https:\/\/larepublicanews.com.do\/live\/wp-json\/wp\/v2\/types\/post"}],"author":[{"embeddable":true,"href":"https:\/\/larepublicanews.com.do\/live\/wp-json\/wp\/v2\/users\/2"}],"replies":[{"embeddable":true,"href":"https:\/\/larepublicanews.com.do\/live\/wp-json\/wp\/v2\/comments?post=1882"}],"version-history":[{"count":1,"href":"https:\/\/larepublicanews.com.do\/live\/wp-json\/wp\/v2\/posts\/1882\/revisions"}],"predecessor-version":[{"id":1884,"href":"https:\/\/larepublicanews.com.do\/live\/wp-json\/wp\/v2\/posts\/1882\/revisions\/1884"}],"wp:featuredmedia":[{"embeddable":true,"href":"https:\/\/larepublicanews.com.do\/live\/wp-json\/wp\/v2\/media\/1883"}],"wp:attachment":[{"href":"https:\/\/larepublicanews.com.do\/live\/wp-json\/wp\/v2\/media?parent=1882"}],"wp:term":[{"taxonomy":"category","embeddable":true,"href":"https:\/\/larepublicanews.com.do\/live\/wp-json\/wp\/v2\/categories?post=1882"},{"taxonomy":"post_tag","embeddable":true,"href":"https:\/\/larepublicanews.com.do\/live\/wp-json\/wp\/v2\/tags?post=1882"}],"curies":[{"name":"wp","href":"https:\/\/api.w.org\/{rel}","templated":true}]}}