{"id":1861,"date":"2021-10-12T04:04:18","date_gmt":"2021-10-12T04:04:18","guid":{"rendered":"https:\/\/larepublicanews.com.do\/live\/?p=1861"},"modified":"2021-10-12T04:04:18","modified_gmt":"2021-10-12T04:04:18","slug":"la-materialista-vivo-en-el-mundo-real-estoy-consciente-de-que-hay-personas-que-dependen-de-ti","status":"publish","type":"post","link":"https:\/\/larepublicanews.com.do\/live\/la-materialista-vivo-en-el-mundo-real-estoy-consciente-de-que-hay-personas-que-dependen-de-ti\/","title":{"rendered":"La Materialista \u00abVivo en el mundo real, estoy consciente de que hay personas que dependen de ti\u00bb"},"content":{"rendered":"<p>Yameiry Infante Honoret.\u00a0mejor conocida por su nombre art\u00edstico como\u00a0La Materialista, afirm\u00f3 este lunes que vive en el mundo real y es una mujer que est\u00e1 consciente de que hay un equipo, hay personas que dependen de ti y hay que pagar impuestos.<\/p>\n<div id=\"advads-2a0640d1b1278590574931cbe37fae9c\" class=\"advads-2a0640d1b1278590574931cbe37fae9c advads-content-first-paragraph\">\n<div id=\"advads-400590549\" class=\"advads-content-first-paragraph\"><\/div>\n<\/div>\n<p>\u201cYo vivo en el mundo real, en el mundo de que hay compromisos, de que hay un equipo, hay personas que dependen de ti y hay que pagar impuestos, yo vivo en el mundo real\u201d, dijo La Materialista durante una entrevista en la plataforma Alofoke Sin Censura de Alofoke Media Group.<\/p>\n<p>La artista habl\u00f3 de sus retoques quir\u00fargicos, habl\u00f3 de su carrera musical y su vida amorosa, de la que dijo que en este momento est\u00e1 soltera, pero siempre prefiriendo mantener esa parte a discreci\u00f3n, por sanidad de la misma.<\/p>\n<p>Confes\u00f3 que ha tenido desilusiones amorosas, pero que es consiente de su capacidad y que \u201cest\u00e1 puesta para ella\u201d.<\/p>\n<p>Se refiri\u00f3 brevemente a una ruptura que tuvo recientemente, de una relaci\u00f3n de m\u00e1s de ocho a\u00f1os, una persona que amaba y algo que \u201cle dio muy duro\u201d.<\/p>\n<p>Sobre el tema del OnlyFans, dijo que fue algo que le sugirieron y que consider\u00f3 que aceptable, porque es una mujer sexi y pod\u00eda mostrase sin tab\u00fa.<\/p>\n<p>\u201cMe lo cree, las cosas se salieron de control y ya no pod\u00eda tirar la toalla@, acot\u00f3.<\/p>\n","protected":false},"excerpt":{"rendered":"<p>Yameiry Infante Honoret.\u00a0mejor conocida por su nombre art\u00edstico como\u00a0La Materialista, afirm\u00f3 este lunes que vive en el mundo real y es una mujer que est\u00e1 consciente de que hay un equipo, hay personas que dependen de ti y hay que pagar impuestos. \u201cYo vivo en el mundo real, en el mundo de que hay compromisos, de que hay un equipo, hay personas que dependen de ti y hay que pagar impuestos, yo vivo en el mundo real\u201d, dijo La Materialista durante una entrevista en la plataforma Alofoke Sin Censura de&hellip;<\/p>\n","protected":false},"author":2,"featured_media":1862,"comment_status":"open","ping_status":"open","sticky":false,"template":"","format":"standard","meta":{"rop_custom_images_group":[],"rop_custom_messages_group":[],"rop_publish_now":"initial","rop_publish_now_accounts":[],"rop_publish_now_history":[],"rop_publish_now_status":"pending","footnotes":""},"categories":[3,13,14],"tags":[81,218,217],"class_list":["post-1861","post","type-post","status-publish","format-standard","has-post-thumbnail","hentry","category-artista","category-entretenimiento","category-espectaculos","tag-artistas","tag-dembow","tag-la-materialista"],"_links":{"self":[{"href":"https:\/\/larepublicanews.com.do\/live\/wp-json\/wp\/v2\/posts\/1861","targetHints":{"allow":["GET"]}}],"collection":[{"href":"https:\/\/larepublicanews.com.do\/live\/wp-json\/wp\/v2\/posts"}],"about":[{"href":"https:\/\/larepublicanews.com.do\/live\/wp-json\/wp\/v2\/types\/post"}],"author":[{"embeddable":true,"href":"https:\/\/larepublicanews.com.do\/live\/wp-json\/wp\/v2\/users\/2"}],"replies":[{"embeddable":true,"href":"https:\/\/larepublicanews.com.do\/live\/wp-json\/wp\/v2\/comments?post=1861"}],"version-history":[{"count":1,"href":"https:\/\/larepublicanews.com.do\/live\/wp-json\/wp\/v2\/posts\/1861\/revisions"}],"predecessor-version":[{"id":1863,"href":"https:\/\/larepublicanews.com.do\/live\/wp-json\/wp\/v2\/posts\/1861\/revisions\/1863"}],"wp:featuredmedia":[{"embeddable":true,"href":"https:\/\/larepublicanews.com.do\/live\/wp-json\/wp\/v2\/media\/1862"}],"wp:attachment":[{"href":"https:\/\/larepublicanews.com.do\/live\/wp-json\/wp\/v2\/media?parent=1861"}],"wp:term":[{"taxonomy":"category","embeddable":true,"href":"https:\/\/larepublicanews.com.do\/live\/wp-json\/wp\/v2\/categories?post=1861"},{"taxonomy":"post_tag","embeddable":true,"href":"https:\/\/larepublicanews.com.do\/live\/wp-json\/wp\/v2\/tags?post=1861"}],"curies":[{"name":"wp","href":"https:\/\/api.w.org\/{rel}","templated":true}]}}