{"id":1853,"date":"2021-10-03T18:07:09","date_gmt":"2021-10-03T18:07:09","guid":{"rendered":"https:\/\/larepublicanews.com.do\/live\/?p=1853"},"modified":"2021-10-03T18:07:09","modified_gmt":"2021-10-03T18:07:09","slug":"chacabana-rosa-una-iniciativa-de-prevencion-contra-el-cancer","status":"publish","type":"post","link":"https:\/\/larepublicanews.com.do\/live\/chacabana-rosa-una-iniciativa-de-prevencion-contra-el-cancer\/","title":{"rendered":"\u201cChacabana Rosa\u201d una iniciativa de prevenci\u00f3n contra el C\u00e1ncer"},"content":{"rendered":"<p>SODOMEDI apoya la campa\u00f1a impulsada por Fundaci\u00f3n Pa\u00f1oleta como llamado de atenci\u00f3n en la concientizaci\u00f3n sobre el c\u00e1ncer.<\/p>\n<p>Santo Domingo R.D.- Como un incentivo a la solidaridad y el compromiso social, Fundaci\u00f3n Pa\u00f1oleta dio inicio al Mes de la \u2018Chacabana Rosa\u2019, campa\u00f1a insignia para celebrar su noveno aniversario resaltando el rol de los hombres en la prevenci\u00f3n del c\u00e1ncer.<\/p>\n<p>La principal pieza de esta campa\u00f1a es la \u00abChacabana Rosa\u00bb, confeccionadas por el dise\u00f1ador dominicano Noel Newman, para simbolizar que el color rosado no es exclusivo de las mujeres, ni el c\u00e1ncer tampoco.<\/p>\n<p>Los detalles de la referida campa\u00f1a fueron ofrecidos durante un c\u00f3ctel celebrado en el sal\u00f3n Piantini A del hotel JW Marriot en BlueMall Santo Domingo, donde la presidenta de la Pa\u00f1oleta, Rossy Liriano, expres\u00f3 que este a\u00f1o se escogi\u00f3 resaltar al g\u00e9nero masculino porque juega un papel importante dentro del apoyo a la enfermedad, debido a que cuando no lo padecen igual lo viven porque les toca vivir el proceso acompa\u00f1ando a la familia.<\/p>\n<p>Esta iniciativa incluye talleres, charlas y conciertos todo el mes de octubre, siendo los protagonistas principales a hombres destacados en diferentes \u00e1mbitos de la sociedad teniendo como consigna: \u201cUso Mi Chacabana Rosa Como Concientizaci\u00f3n De Que Tambi\u00e9n Debo Cuidarme\u201d.<\/p>\n<p>Los hombres que participan en la campa\u00f1a son: Eduardo Valc\u00e1rcel, Gilberto Santa Rosa, Roberto Cavada, Alejandro Larrondo, Neney Cabrera, Jos\u00e9 Alberto El Canario, F\u00e9lix Mercedes, Brian King, Osiris Grull\u00f3n, Leandro Diaz, Matt Knights, Miguel \u00c1ngel Oller, William Liriano, Francisco C\u00e9spedes, HOM, Omar Rivera, Noel Newman, Isidro Infante y Pablo Garc\u00eda.<\/p>\n<p>Tambi\u00e9n Richard Rodr\u00edguez, Tony Almont, Hans Garc\u00eda, Phillip Thomen, Arturo Sandoval, Omer Pardillo, Roberto Del Castillo, Francisco V\u00e1squez, Mario Tadeo Abreu, Quico Risek, Michele De Prisco, Cristian Hern\u00e1ndez, Johnny Mej\u00eda, entre otros.<\/p>\n<p>En el acto de presentaci\u00f3n tambi\u00e9n se dio a conocer la alianza con la Sociedad Dominicana de Medios Digitales (SODOMEDI).<\/p>\n<p>Estas actividades cuentan con el apoyo de: Jw Marriot, Bluemall, Fundanir, Hard Rock Caf\u00e9, Noel Newman, Pvf, Kaw Koh, Agalma, Jos\u00e9 Lu\u00eds Fotograf\u00eda, Newlink, Alfred Mariotti Photos, Sarmiento Publicidad Externa, Lamusa 73, Grupo Medrano, Sho Group, Unidas Por La Vida, Rental Visi\u00f3n y VB Comunicaciones.<\/p>\n<p>&nbsp;<\/p>\n<p>Actividades en beneficio de la Fundaci\u00f3n Pa\u00f1oleta<\/p>\n<p>Concierto Francisco C\u00e9spedes<\/p>\n<p>Viernes 8 de octubre<\/p>\n<p>Teatro Nacional, 8:30 pm<\/p>\n<p>&nbsp;<\/p>\n<p>C\u00f3ctel bailable<\/p>\n<p>Celebraci\u00f3n 9no. Anviversario de la Fundaci\u00f3n Pa\u00f1oleta<\/p>\n<p>Lunes 18 de octubre<\/p>\n<p>Hard Rock Caf\u00e9 Blue Mall 8:00 pm<\/p>\n<p>Charla sobre C\u00e1ncer de Mama con la Dr. Onc\u00f3loga Angelina Taveras<\/p>\n<p>Martes 19 de octubre<\/p>\n<p>Cuesta Centro del Libro<\/p>\n","protected":false},"excerpt":{"rendered":"<p>SODOMEDI apoya la campa\u00f1a impulsada por Fundaci\u00f3n Pa\u00f1oleta como llamado de atenci\u00f3n en la concientizaci\u00f3n sobre el c\u00e1ncer. Santo Domingo R.D.- Como un incentivo a la solidaridad y el compromiso social, Fundaci\u00f3n Pa\u00f1oleta dio inicio al Mes de la \u2018Chacabana Rosa\u2019, campa\u00f1a insignia para celebrar su noveno aniversario resaltando el rol de los hombres en la prevenci\u00f3n del c\u00e1ncer. La principal pieza de esta campa\u00f1a es la \u00abChacabana Rosa\u00bb, confeccionadas por el dise\u00f1ador dominicano Noel Newman, para simbolizar que el color rosado no es exclusivo de las mujeres, ni el&hellip;<\/p>\n","protected":false},"author":2,"featured_media":1854,"comment_status":"open","ping_status":"open","sticky":false,"template":"","format":"standard","meta":{"rop_custom_images_group":[],"rop_custom_messages_group":[],"rop_publish_now":"initial","rop_publish_now_accounts":[],"rop_publish_now_history":[],"rop_publish_now_status":"pending","footnotes":""},"categories":[2,14,22,133,27],"tags":[208,211,209,210,212],"class_list":["post-1853","post","type-post","status-publish","format-standard","has-post-thumbnail","hentry","category-actualidad","category-espectaculos","category-noticia","category-periodistas","category-health","tag-cancer","tag-hard-rock-cafe","tag-iniciativa","tag-prevencion","tag-sodomedi"],"_links":{"self":[{"href":"https:\/\/larepublicanews.com.do\/live\/wp-json\/wp\/v2\/posts\/1853","targetHints":{"allow":["GET"]}}],"collection":[{"href":"https:\/\/larepublicanews.com.do\/live\/wp-json\/wp\/v2\/posts"}],"about":[{"href":"https:\/\/larepublicanews.com.do\/live\/wp-json\/wp\/v2\/types\/post"}],"author":[{"embeddable":true,"href":"https:\/\/larepublicanews.com.do\/live\/wp-json\/wp\/v2\/users\/2"}],"replies":[{"embeddable":true,"href":"https:\/\/larepublicanews.com.do\/live\/wp-json\/wp\/v2\/comments?post=1853"}],"version-history":[{"count":1,"href":"https:\/\/larepublicanews.com.do\/live\/wp-json\/wp\/v2\/posts\/1853\/revisions"}],"predecessor-version":[{"id":1855,"href":"https:\/\/larepublicanews.com.do\/live\/wp-json\/wp\/v2\/posts\/1853\/revisions\/1855"}],"wp:featuredmedia":[{"embeddable":true,"href":"https:\/\/larepublicanews.com.do\/live\/wp-json\/wp\/v2\/media\/1854"}],"wp:attachment":[{"href":"https:\/\/larepublicanews.com.do\/live\/wp-json\/wp\/v2\/media?parent=1853"}],"wp:term":[{"taxonomy":"category","embeddable":true,"href":"https:\/\/larepublicanews.com.do\/live\/wp-json\/wp\/v2\/categories?post=1853"},{"taxonomy":"post_tag","embeddable":true,"href":"https:\/\/larepublicanews.com.do\/live\/wp-json\/wp\/v2\/tags?post=1853"}],"curies":[{"name":"wp","href":"https:\/\/api.w.org\/{rel}","templated":true}]}}