{"id":1811,"date":"2021-08-26T17:37:05","date_gmt":"2021-08-26T17:37:05","guid":{"rendered":"https:\/\/larepublicanews.com.do\/live\/?p=1811"},"modified":"2021-08-26T17:37:05","modified_gmt":"2021-08-26T17:37:05","slug":"galenos-reclaman-verdadera-justicia-en-defensa-del-doctor-piero-perrone","status":"publish","type":"post","link":"https:\/\/larepublicanews.com.do\/live\/galenos-reclaman-verdadera-justicia-en-defensa-del-doctor-piero-perrone\/","title":{"rendered":"Galenos reclaman verdadera justicia en defensa del Doctor Piero Perrone."},"content":{"rendered":"<p class=\"s3\"><span class=\"s4\">M<\/span><span class=\"s4\">\u00e1<\/span><span class=\"s4\">s de 30 profesionales <\/span><span class=\"s4\">de la medicina<\/span><span class=\"s4\">, de manera conjunta,<\/span><span class=\"s4\">hicieron un <\/span><span class=\"s4\">llamado<\/span><span class=\"s4\"> a l<\/span><span class=\"s4\">a<\/span> <span class=\"s4\">Procurador<\/span><span class=\"s4\">a<\/span><span class=\"s4\"> Miriam Germ<\/span><span class=\"s4\">\u00e1<\/span><span class=\"s4\">n<\/span> <span class=\"s4\">para que se investiguen todas las irregularidades que se han cometido desde el principio en este caso<\/span><span class=\"s4\">.<\/span><\/p>\n<p class=\"s7\"><span class=\"s6\">Santiago, Rep. Dom. 26 de <\/span><span class=\"s6\">a<\/span><span class=\"s6\">gosto, 2021.<\/span><span class=\"s5\"> Un <\/span><span class=\"s5\">g<\/span><span class=\"s5\">rupo de <\/span><span class=\"s5\">m\u00e1s de 30 <\/span><span class=\"s5\">p<\/span><span class=\"s5\">rofesionales del <\/span><span class=\"s5\">\u00e1rea<\/span><span class=\"s5\"> de la <\/span><span class=\"s5\">m<\/span><span class=\"s5\">edicina<\/span><span class=\"s5\"> alzaron su<\/span><span class=\"s5\"> voz en defensa del <\/span><span class=\"s5\">Dr. Piero Perrone, denunciando a su vez, <\/span><span class=\"s5\">las violaciones <\/span><span class=\"s5\">e irregularidades <\/span><span class=\"s5\">que se han estado cometiendo al debido proceso <\/span><span class=\"s5\">contra el imputado, de quien reiteraron es inocente. <\/span><\/p>\n<p class=\"s7\"><span class=\"s5\">En rueda de prensa<\/span><span class=\"s5\"> ofrecida<\/span><span class=\"s5\">, <\/span><span class=\"s5\">los galenos externaron que<\/span><span class=\"s5\">\u201c<\/span><span class=\"s5\">hemos visto como el Ministerio P\u00fablico y el Poder Judicial, se han ensa\u00f1ado en mantener en prisi\u00f3n al Dr. Piero Perrone, un ciudadano inocente, no permiti\u00e9ndole ejercer su derecho a la defensa y demostrar la verdad real de los hechos<\/span><span class=\"s5\">. En este caso no ha primado la verdadera justicia, la <\/span><span class=\"s5\">legalidad, <\/span><span class=\"s5\">la <\/span><span class=\"s5\">objetividad, la presunci\u00f3n de inocencia<\/span><span class=\"s5\"> del doctor<\/span><span class=\"s5\">,<\/span><span class=\"s5\"> ni han permitido <\/span><span class=\"s5\">su<\/span><span class=\"s5\"> defensa en un estado de igualdad preservando <\/span><span class=\"s5\">sus<\/span><span class=\"s5\"> derechos fundamentales<\/span><span class=\"s5\">, <\/span><span class=\"s5\">agregaron<\/span><span class=\"s5\">\u201d<\/span><span class=\"s5\">. <\/span><\/p>\n<p class=\"s7\"><span class=\"s5\">Se\u00f1alaron que sospechosamente p<\/span><span class=\"s5\">ara este caso se han nombrado magistrados especiales<\/span><span class=\"s5\"> y en<\/span><span class=\"s5\"> algunas audiencias se han juntado hasta cinco magistrados fiscales, situaci\u00f3n que no ocurre en otros procesos<\/span><span class=\"s5\">.<\/span><\/p>\n<p class=\"s7\"><span class=\"s5\">Los m\u00e9dicos <\/span><span class=\"s5\">hicieron un <\/span><span class=\"s5\">llamado <\/span><span class=\"s5\">de atenci\u00f3n <\/span><span class=\"s5\">a la Procuradora General de la Rep\u00fablica, Dra. Miriam Germ\u00e1n<\/span><span class=\"s5\"> sobre el caso del Dr. Perrone, <\/span><span class=\"s5\">para que se investiguen todas las partes involucradas, trayectoria<\/span><span class=\"s5\">s<\/span><span class=\"s5\"> y comportamientos previos, sin preferencias, sin parcializaciones;<\/span> <span class=\"s5\">y <\/span><span class=\"s5\">que investigue<\/span><span class=\"s5\">n<\/span><span class=\"s5\"> las irregularidades que se han cometido desde el principio y durante todo el proceso <\/span><span class=\"s5\">en este caso<\/span><span class=\"s5\">\u201d<\/span><span class=\"s5\">. <\/span><\/p>\n<p class=\"s7\"><span class=\"s5\">\u201cQ<\/span><span class=\"s5\">ueremos apelar a la Dra. Miriam Germ\u00e1n, a la conciencia y el deber de proceder \u00e9tica y transparentemente de los jueces y los fiscales, record\u00e1ndoles que la justicia debe aplicarse de manera equitativa. <\/span><span class=\"s5\">Dra. Miriam Germ\u00e1n: pedimos justicia, pedimos se respete el derecho a la salud, pedimos clemencia para un ser humano inocente, cuyo caso ha estado viciado desde el principio, esperando no sea demasiado tarde y que no se conviertan en victimarios de una persona a todas luces inocente<\/span><span class=\"s5\">\u201d<\/span><span class=\"s5\">. <\/span><\/p>\n<p class=\"s7\"><span class=\"s5\">Los m\u00e9dicos u<\/span><span class=\"s5\">nidos <\/span><span class=\"s5\">defendieron la inocencia del Doctor Piero Perrone y externaron que<\/span><span class=\"s5\"> \u201cc<\/span><span class=\"s5\">reemos en la inocencia del Dr. Perrone, quien actualmente est\u00e1\u0301 en prisi\u00f3n injustamente<\/span><span class=\"s5\">, de quien reconocemos <\/span><span class=\"s5\">su excelente pr\u00e1ctica \u00e9tica, <\/span><span class=\"s5\">su calidad como un <\/span><span class=\"s5\">ser humano altamente responsable, digno, de grandes valores morales, familiares y cristianos<\/span><span class=\"s5\">, <\/span><span class=\"s5\">padre ejemplar de sus dos hijos y por eso afirmamos su inocencia. Su comportamiento y trayectoria as\u00ed\u0301 lo demuestran, todo lo contrario de los hechos que se le quieren imputar. <\/span><\/p>\n<p class=\"s7\"><span class=\"s5\">E<\/span><span class=\"s5\">l Dr. Perrone<\/span><span class=\"s5\"> actualmente <\/span><span class=\"s5\">est\u00e1 en una situaci\u00f3n delicada de salud<\/span><span class=\"s5\">, cuyos <\/span><span class=\"s5\">diagn\u00f3sticos m\u00e9dicos fueron presentados y certificados por <\/span><span class=\"s5\">varios <\/span><span class=\"s5\">cardi\u00f3logos y la Direcci\u00f3n del Hospital Cabral y B\u00e1ez<\/span><span class=\"s5\">. <\/span><span class=\"s5\">En el \u00faltimo a\u00f1o, <\/span><span class=\"s5\">mientras<\/span><span class=\"s5\"> estuvo en libertad bajo ciertas medidas de coerci\u00f3n que el mismo Tribunal impuso, <\/span><span class=\"s5\">cumpli\u00f3<\/span><span class=\"s5\"> cabalmente<\/span><span class=\"s5\"> no representando una amenaza para el proceso, la querellante ni para su propio hijo, present\u00e1ndose cada vez que fue requerido. De manera suspicaz fue variada la medid<\/span><span class=\"s5\">a<\/span><span class=\"s5\"> de coerci\u00f3n en el mes de mayo 2021.<\/span><\/p>\n","protected":false},"excerpt":{"rendered":"<p>M\u00e1s de 30 profesionales de la medicina, de manera conjunta,hicieron un llamado a la Procuradora Miriam Germ\u00e1n para que se investiguen todas las irregularidades que se han cometido desde el principio en este caso. Santiago, Rep. Dom. 26 de agosto, 2021. Un grupo de m\u00e1s de 30 profesionales del \u00e1rea de la medicina alzaron su voz en defensa del Dr. Piero Perrone, denunciando a su vez, las violaciones e irregularidades que se han estado cometiendo al debido proceso contra el imputado, de quien reiteraron es inocente. En rueda de prensa&hellip;<\/p>\n","protected":false},"author":2,"featured_media":1812,"comment_status":"open","ping_status":"open","sticky":false,"template":"","format":"standard","meta":{"rop_custom_images_group":[],"rop_custom_messages_group":[],"rop_publish_now":"initial","rop_publish_now_accounts":[],"rop_publish_now_history":[],"rop_publish_now_status":"pending","footnotes":""},"categories":[22,26,27],"tags":[153,156,150,151,155,159,154,157,152,158],"class_list":["post-1811","post","type-post","status-publish","format-standard","has-post-thumbnail","hentry","category-noticia","category-protesta","category-health","tag-dr-perrone","tag-fiscalia-de-santiago","tag-galenos","tag-medicos","tag-ministerio-publico","tag-miriam-german","tag-piero-perrone","tag-procuraduria","tag-santiago","tag-yeni-berenice"],"_links":{"self":[{"href":"https:\/\/larepublicanews.com.do\/live\/wp-json\/wp\/v2\/posts\/1811","targetHints":{"allow":["GET"]}}],"collection":[{"href":"https:\/\/larepublicanews.com.do\/live\/wp-json\/wp\/v2\/posts"}],"about":[{"href":"https:\/\/larepublicanews.com.do\/live\/wp-json\/wp\/v2\/types\/post"}],"author":[{"embeddable":true,"href":"https:\/\/larepublicanews.com.do\/live\/wp-json\/wp\/v2\/users\/2"}],"replies":[{"embeddable":true,"href":"https:\/\/larepublicanews.com.do\/live\/wp-json\/wp\/v2\/comments?post=1811"}],"version-history":[{"count":1,"href":"https:\/\/larepublicanews.com.do\/live\/wp-json\/wp\/v2\/posts\/1811\/revisions"}],"predecessor-version":[{"id":1813,"href":"https:\/\/larepublicanews.com.do\/live\/wp-json\/wp\/v2\/posts\/1811\/revisions\/1813"}],"wp:featuredmedia":[{"embeddable":true,"href":"https:\/\/larepublicanews.com.do\/live\/wp-json\/wp\/v2\/media\/1812"}],"wp:attachment":[{"href":"https:\/\/larepublicanews.com.do\/live\/wp-json\/wp\/v2\/media?parent=1811"}],"wp:term":[{"taxonomy":"category","embeddable":true,"href":"https:\/\/larepublicanews.com.do\/live\/wp-json\/wp\/v2\/categories?post=1811"},{"taxonomy":"post_tag","embeddable":true,"href":"https:\/\/larepublicanews.com.do\/live\/wp-json\/wp\/v2\/tags?post=1811"}],"curies":[{"name":"wp","href":"https:\/\/api.w.org\/{rel}","templated":true}]}}