{"id":1808,"date":"2021-08-22T17:28:41","date_gmt":"2021-08-22T17:28:41","guid":{"rendered":"https:\/\/larepublicanews.com.do\/live\/?p=1808"},"modified":"2021-08-22T17:28:41","modified_gmt":"2021-08-22T17:28:41","slug":"leonel-hablara-al-pais-y-evaluara-primer-ano-gobierno-de-abinader","status":"publish","type":"post","link":"https:\/\/larepublicanews.com.do\/live\/leonel-hablara-al-pais-y-evaluara-primer-ano-gobierno-de-abinader\/","title":{"rendered":"Leonel hablar\u00e1 al pa\u00eds y evaluar\u00e1 primer a\u00f1o gobierno de Abinader"},"content":{"rendered":"<p>El presidente del partido Fuerza Del Pueblo el Dr. Leonel Fern\u00e1ndez evaluar\u00e1 el discurso\u00a0del mi\u00e9rcoles del presidente Luis Abinader sobre su primer a\u00f1o en el gobierno.<\/p>\n<p>El discurso ser\u00e1 transmitido a las 8:00 de la noche de este lunes por una cadena de radio, televisi\u00f3n y las redes sociales.<\/p>\n<p>Fern\u00e1ndez hablar\u00e1 tambi\u00e9n sobre la situaci\u00f3n econ\u00f3mica, social y pol\u00edtica que vive Rep\u00fablica Dominicana.<\/p>\n","protected":false},"excerpt":{"rendered":"<p>El presidente del partido Fuerza Del Pueblo el Dr. Leonel Fern\u00e1ndez evaluar\u00e1 el discurso\u00a0del mi\u00e9rcoles del presidente Luis Abinader sobre su primer a\u00f1o en el gobierno. El discurso ser\u00e1 transmitido a las 8:00 de la noche de este lunes por una cadena de radio, televisi\u00f3n y las redes sociales. Fern\u00e1ndez hablar\u00e1 tambi\u00e9n sobre la situaci\u00f3n econ\u00f3mica, social y pol\u00edtica que vive Rep\u00fablica Dominicana.<\/p>\n","protected":false},"author":2,"featured_media":1809,"comment_status":"open","ping_status":"open","sticky":false,"template":"","format":"standard","meta":{"rop_custom_images_group":[],"rop_custom_messages_group":[],"rop_publish_now":"initial","rop_publish_now_accounts":[],"rop_publish_now_history":[],"rop_publish_now_status":"pending","footnotes":""},"categories":[2,10,19,20,24],"tags":[],"class_list":["post-1808","post","type-post","status-publish","format-standard","has-post-thumbnail","hentry","category-actualidad","category-economia","category-la-fuerza-del-pueblo","category-leonel-fernandez","category-politica"],"_links":{"self":[{"href":"https:\/\/larepublicanews.com.do\/live\/wp-json\/wp\/v2\/posts\/1808","targetHints":{"allow":["GET"]}}],"collection":[{"href":"https:\/\/larepublicanews.com.do\/live\/wp-json\/wp\/v2\/posts"}],"about":[{"href":"https:\/\/larepublicanews.com.do\/live\/wp-json\/wp\/v2\/types\/post"}],"author":[{"embeddable":true,"href":"https:\/\/larepublicanews.com.do\/live\/wp-json\/wp\/v2\/users\/2"}],"replies":[{"embeddable":true,"href":"https:\/\/larepublicanews.com.do\/live\/wp-json\/wp\/v2\/comments?post=1808"}],"version-history":[{"count":1,"href":"https:\/\/larepublicanews.com.do\/live\/wp-json\/wp\/v2\/posts\/1808\/revisions"}],"predecessor-version":[{"id":1810,"href":"https:\/\/larepublicanews.com.do\/live\/wp-json\/wp\/v2\/posts\/1808\/revisions\/1810"}],"wp:featuredmedia":[{"embeddable":true,"href":"https:\/\/larepublicanews.com.do\/live\/wp-json\/wp\/v2\/media\/1809"}],"wp:attachment":[{"href":"https:\/\/larepublicanews.com.do\/live\/wp-json\/wp\/v2\/media?parent=1808"}],"wp:term":[{"taxonomy":"category","embeddable":true,"href":"https:\/\/larepublicanews.com.do\/live\/wp-json\/wp\/v2\/categories?post=1808"},{"taxonomy":"post_tag","embeddable":true,"href":"https:\/\/larepublicanews.com.do\/live\/wp-json\/wp\/v2\/tags?post=1808"}],"curies":[{"name":"wp","href":"https:\/\/api.w.org\/{rel}","templated":true}]}}