{"id":1804,"date":"2021-08-18T23:10:05","date_gmt":"2021-08-18T23:10:05","guid":{"rendered":"https:\/\/larepublicanews.com.do\/live\/?p=1804"},"modified":"2021-08-18T23:10:05","modified_gmt":"2021-08-18T23:10:05","slug":"el-minerd-paga-rd45592384-29-por-licencia-pre-y-post-natal","status":"publish","type":"post","link":"https:\/\/larepublicanews.com.do\/live\/el-minerd-paga-rd45592384-29-por-licencia-pre-y-post-natal\/","title":{"rendered":"El MINERD paga RD$45,592,384.29 por licencia pre y post natal"},"content":{"rendered":"<div>El Ministerio de Educaci\u00f3n de la Rep\u00fablica Dominicana (MINERD) pag\u00f3 la tarde de <span dir=\"ltr\">este mi\u00e9rcoles<\/span> la suma de RD$45,592,384.29 a docentes sustitutos por concepto de licencias pre y post natal.<\/div>\n<div>\n<div>De acuerdo con el ministro de Educaci\u00f3n, doctor Roberto Fulcar, con dicho saldo se complet\u00f3 el proceso para completar el pago de la totalidad de las licencias por maternidad correspondiente al per\u00edodo agosto 2020 \u2013 julio 2021.<\/div>\n<div><\/div>\n<div>Fulcar precis\u00f3 que mediante el libramiento 8432, realizado <span dir=\"ltr\">a las 3:00 de la tarde<\/span> de ayer y correspondiente al a\u00f1o 2020, se pagaron RD$24,863,775.22 a 262 personas, mientras que a trav\u00e9s del libramiento 8330 se les pagaron RD$20,728,609.07 a 186 personas, correspondientes al a\u00f1o 2021.<\/div>\n<div><\/div>\n<div style=\"text-align: left;\">\u201cEs voluntad de la presente gesti\u00f3n el cumplimiento riguroso de este derecho del que son acreedoras nuestras educadoras y sus sustitutos\u201d, se\u00f1al\u00f3 el ministro Fulcar, quien destac\u00f3 que el Pago incluye la totalidad de los casos de la presente gesti\u00f3n.<\/div>\n<\/div>\n","protected":false},"excerpt":{"rendered":"<p>El Ministerio de Educaci\u00f3n de la Rep\u00fablica Dominicana (MINERD) pag\u00f3 la tarde de este mi\u00e9rcoles la suma de RD$45,592,384.29 a docentes sustitutos por concepto de licencias pre y post natal. De acuerdo con el ministro de Educaci\u00f3n, doctor Roberto Fulcar, con dicho saldo se complet\u00f3 el proceso para completar el pago de la totalidad de las licencias por maternidad correspondiente al per\u00edodo agosto 2020 \u2013 julio 2021. Fulcar precis\u00f3 que mediante el libramiento 8432, realizado a las 3:00 de la tarde de ayer y correspondiente al a\u00f1o 2020, se pagaron&hellip;<\/p>\n","protected":false},"author":2,"featured_media":1805,"comment_status":"open","ping_status":"open","sticky":false,"template":"","format":"standard","meta":{"rop_custom_images_group":[],"rop_custom_messages_group":[],"rop_publish_now":"initial","rop_publish_now_accounts":[],"rop_publish_now_history":[],"rop_publish_now_status":"pending","footnotes":""},"categories":[56,66],"tags":[147,148,145,91,149,146],"class_list":["post-1804","post","type-post","status-publish","format-standard","has-post-thumbnail","hentry","category-educacion","category-gobierno","tag-deuda","tag-docentes","tag-educacion","tag-gobierno","tag-maestros","tag-pago"],"_links":{"self":[{"href":"https:\/\/larepublicanews.com.do\/live\/wp-json\/wp\/v2\/posts\/1804","targetHints":{"allow":["GET"]}}],"collection":[{"href":"https:\/\/larepublicanews.com.do\/live\/wp-json\/wp\/v2\/posts"}],"about":[{"href":"https:\/\/larepublicanews.com.do\/live\/wp-json\/wp\/v2\/types\/post"}],"author":[{"embeddable":true,"href":"https:\/\/larepublicanews.com.do\/live\/wp-json\/wp\/v2\/users\/2"}],"replies":[{"embeddable":true,"href":"https:\/\/larepublicanews.com.do\/live\/wp-json\/wp\/v2\/comments?post=1804"}],"version-history":[{"count":1,"href":"https:\/\/larepublicanews.com.do\/live\/wp-json\/wp\/v2\/posts\/1804\/revisions"}],"predecessor-version":[{"id":1806,"href":"https:\/\/larepublicanews.com.do\/live\/wp-json\/wp\/v2\/posts\/1804\/revisions\/1806"}],"wp:featuredmedia":[{"embeddable":true,"href":"https:\/\/larepublicanews.com.do\/live\/wp-json\/wp\/v2\/media\/1805"}],"wp:attachment":[{"href":"https:\/\/larepublicanews.com.do\/live\/wp-json\/wp\/v2\/media?parent=1804"}],"wp:term":[{"taxonomy":"category","embeddable":true,"href":"https:\/\/larepublicanews.com.do\/live\/wp-json\/wp\/v2\/categories?post=1804"},{"taxonomy":"post_tag","embeddable":true,"href":"https:\/\/larepublicanews.com.do\/live\/wp-json\/wp\/v2\/tags?post=1804"}],"curies":[{"name":"wp","href":"https:\/\/api.w.org\/{rel}","templated":true}]}}