{"id":1785,"date":"2021-08-04T02:47:47","date_gmt":"2021-08-04T02:47:47","guid":{"rendered":"https:\/\/larepublicanews.com.do\/live\/?p=1785"},"modified":"2021-08-04T02:47:47","modified_gmt":"2021-08-04T02:47:47","slug":"presidente-luis-abinader-dispone-levantamiento-de-toque-de-queda-en-dos-provincias","status":"publish","type":"post","link":"https:\/\/larepublicanews.com.do\/live\/presidente-luis-abinader-dispone-levantamiento-de-toque-de-queda-en-dos-provincias\/","title":{"rendered":"Presidente Luis Abinader Dispone Levantamiento de Toque de Queda en dos Provincias"},"content":{"rendered":"<p>Levantamiento del toque de queda en la Provincia La Altagracia y el Distrito Nacional<\/p>\n<p>El presidente de la Rep\u00fablica levanta el toque de queda en la provincia La Altagracia y el Distrito Nacional a partir de las 5:00 a.m. del lunes 9 de agosto de 2021, momento luego del cual aplicar\u00e1n las siguientes medidas en estas demarcaciones:<\/p>\n<p>a) Se confirma el uso obligatorio de mascarillas en lugares p\u00fablicos y lugares privados de uso p\u00fablico, as\u00ed como las dem\u00e1s medidas y protocolos sanitarios vigentes.<\/p>\n<p>b) Se proh\u00edbe la venta y el consumo de bebidas alcoh\u00f3licas en lugares p\u00fablicos y lugares privados de uso p\u00fablico todos los d\u00edas de 12:00 a.m. (medianoche) a 5:00 a.m.<\/p>\n<p>c) Se requieren permisos especiales para la celebraci\u00f3n de actividades que impliquen aglomeraci\u00f3n, sin importar el lugar de que se trate, los cuales ser\u00e1n otorgados por las autoridades del sector correspondiente, en coordinaci\u00f3n con el Ministerio de Salud P\u00fablica y Asistencia Social.<\/p>\n<p>d) Los establecimientos p\u00fablicos y privados de uso p\u00fablico, sin importar el tipo de actividad que auspicien, podr\u00e1n recibir personas solamente hasta el 75% de la capacidad total de sus instalaciones, siempre en cumplimiento de los protocolos sanitarios vigentes.<\/p>\n<p>e) Los espacios abiertos al aire libre, tales como parques y malecones, podr\u00e1n ser utilizados por las personas en cumplimiento de los protocolos sanitarios vigentes.<\/p>\n<p>Lo anterior qued\u00f3 dispuesto en el decreto n\u00fam. 477-21, del 3 de agosto de 2021. En el resto del pa\u00eds, incluyendo la provincia Santo Domingo, se confirma la vigencia del toque de queda y las dem\u00e1s medidas dispuestas en los decretos n\u00fam. 419-21 y n\u00fam. 432-21.<\/p>\n<p>M\u00e1s detalles en el decreto 477-21 clic en link<\/p>\n<p>https:\/\/presidencia.gob.do\/decretos\/477-21<\/p>\n","protected":false},"excerpt":{"rendered":"<p>Levantamiento del toque de queda en la Provincia La Altagracia y el Distrito Nacional El presidente de la Rep\u00fablica levanta el toque de queda en la provincia La Altagracia y el Distrito Nacional a partir de las 5:00 a.m. del lunes 9 de agosto de 2021, momento luego del cual aplicar\u00e1n las siguientes medidas en estas demarcaciones: a) Se confirma el uso obligatorio de mascarillas en lugares p\u00fablicos y lugares privados de uso p\u00fablico, as\u00ed como las dem\u00e1s medidas y protocolos sanitarios vigentes. b) Se proh\u00edbe la venta y el&hellip;<\/p>\n","protected":false},"author":2,"featured_media":1786,"comment_status":"open","ping_status":"open","sticky":false,"template":"","format":"standard","meta":{"rop_custom_images_group":[],"rop_custom_messages_group":[],"rop_publish_now":"initial","rop_publish_now_accounts":[],"rop_publish_now_history":[],"rop_publish_now_status":"pending","footnotes":""},"categories":[46,66,69,23],"tags":[122,123,120,121,119],"class_list":["post-1785","post","type-post","status-publish","format-standard","has-post-thumbnail","hentry","category-covid-19","category-gobierno","category-luis-abinader","category-pais","tag-distrito-nacional","tag-la-altagracia","tag-levantan","tag-luis-abinader","tag-toque-de-queda"],"_links":{"self":[{"href":"https:\/\/larepublicanews.com.do\/live\/wp-json\/wp\/v2\/posts\/1785","targetHints":{"allow":["GET"]}}],"collection":[{"href":"https:\/\/larepublicanews.com.do\/live\/wp-json\/wp\/v2\/posts"}],"about":[{"href":"https:\/\/larepublicanews.com.do\/live\/wp-json\/wp\/v2\/types\/post"}],"author":[{"embeddable":true,"href":"https:\/\/larepublicanews.com.do\/live\/wp-json\/wp\/v2\/users\/2"}],"replies":[{"embeddable":true,"href":"https:\/\/larepublicanews.com.do\/live\/wp-json\/wp\/v2\/comments?post=1785"}],"version-history":[{"count":1,"href":"https:\/\/larepublicanews.com.do\/live\/wp-json\/wp\/v2\/posts\/1785\/revisions"}],"predecessor-version":[{"id":1787,"href":"https:\/\/larepublicanews.com.do\/live\/wp-json\/wp\/v2\/posts\/1785\/revisions\/1787"}],"wp:featuredmedia":[{"embeddable":true,"href":"https:\/\/larepublicanews.com.do\/live\/wp-json\/wp\/v2\/media\/1786"}],"wp:attachment":[{"href":"https:\/\/larepublicanews.com.do\/live\/wp-json\/wp\/v2\/media?parent=1785"}],"wp:term":[{"taxonomy":"category","embeddable":true,"href":"https:\/\/larepublicanews.com.do\/live\/wp-json\/wp\/v2\/categories?post=1785"},{"taxonomy":"post_tag","embeddable":true,"href":"https:\/\/larepublicanews.com.do\/live\/wp-json\/wp\/v2\/tags?post=1785"}],"curies":[{"name":"wp","href":"https:\/\/api.w.org\/{rel}","templated":true}]}}