{"id":1781,"date":"2021-07-30T02:23:05","date_gmt":"2021-07-30T02:23:05","guid":{"rendered":"https:\/\/larepublicanews.com.do\/live\/?p=1781"},"modified":"2021-07-30T02:23:05","modified_gmt":"2021-07-30T02:23:05","slug":"coronacion-de-la-reina-miss-canada-latina-2021","status":"publish","type":"post","link":"https:\/\/larepublicanews.com.do\/live\/coronacion-de-la-reina-miss-canada-latina-2021\/","title":{"rendered":"Coronaci\u00f3n de la Reina Miss Canad\u00e1 Latina 2021"},"content":{"rendered":"<blockquote><p>Canada. jueves, julio 29\/2021, donde estaremos compartiendo con los medios de comunicaci\u00f3n una Rueda de Prensa para nuestra comunidad latina en Toronto.<\/p><\/blockquote>\n<p>Breakthrough Rose Productions con Rosemarie S\u00e1nchez y America\u2019s Top Model &amp; Talent Academy con Ninela S\u00e1nchez se unen, ambas empresas son fundadoras y directoras de este gran evento Canad\u00e1 Latina Pageants, llevando a cabo el pr\u00f3ximo certamen de belleza en la ciudad de Toronto, Canad\u00e1, el pr\u00f3ximo a\u00f1o 2022.<\/p>\n<p>As\u00ed mismo tenemos el honor de coronar a Claudia Cristina Garc\u00eda de ra\u00edces cubana, nuestra Reina Miss Canad\u00e1 Latina 2021, tendr\u00e1 presencia internacional en el certamen Miss Am\u00e9rica del Mundo 2021, el mes de septiembre en la Rep\u00fablica Dominicana y con orgullo nos representar\u00e1 en este gran evento donde sin duda alguna creemos que ser\u00e1, una participaci\u00f3n de belleza, excelencia y distinci\u00f3n para los Latinos en Canad\u00e1.<\/p>\n<p>Nuestra Rueda de Prensa se estar\u00e1 dando en las oficinas de ambas fundadoras del certamen en Keele y Wilson, favor de comunicarse al +1 416 4749433 para m\u00e1s informaci\u00f3n.<\/p>\n","protected":false},"excerpt":{"rendered":"<p>Canada. jueves, julio 29\/2021, donde estaremos compartiendo con los medios de comunicaci\u00f3n una Rueda de Prensa para nuestra comunidad latina en Toronto. Breakthrough Rose Productions con Rosemarie S\u00e1nchez y America\u2019s Top Model &amp; Talent Academy con Ninela S\u00e1nchez se unen, ambas empresas son fundadoras y directoras de este gran evento Canad\u00e1 Latina Pageants, llevando a cabo el pr\u00f3ximo certamen de belleza en la ciudad de Toronto, Canad\u00e1, el pr\u00f3ximo a\u00f1o 2022. As\u00ed mismo tenemos el honor de coronar a Claudia Cristina Garc\u00eda de ra\u00edces cubana, nuestra Reina Miss Canad\u00e1 Latina&hellip;<\/p>\n","protected":false},"author":2,"featured_media":1782,"comment_status":"open","ping_status":"open","sticky":false,"template":"","format":"standard","meta":{"rop_custom_images_group":[],"rop_custom_messages_group":[],"rop_publish_now":"initial","rop_publish_now_accounts":[],"rop_publish_now_history":[],"rop_publish_now_status":"pending","footnotes":""},"categories":[5,13,14,29],"tags":[118,114,117,116,113,115],"class_list":["post-1781","post","type-post","status-publish","format-standard","has-post-thumbnail","hentry","category-cultura","category-entretenimiento","category-espectaculos","category-sociedad","tag-belleza","tag-canada","tag-certamen","tag-coronacion","tag-miss","tag-reyna-de-belleza"],"_links":{"self":[{"href":"https:\/\/larepublicanews.com.do\/live\/wp-json\/wp\/v2\/posts\/1781","targetHints":{"allow":["GET"]}}],"collection":[{"href":"https:\/\/larepublicanews.com.do\/live\/wp-json\/wp\/v2\/posts"}],"about":[{"href":"https:\/\/larepublicanews.com.do\/live\/wp-json\/wp\/v2\/types\/post"}],"author":[{"embeddable":true,"href":"https:\/\/larepublicanews.com.do\/live\/wp-json\/wp\/v2\/users\/2"}],"replies":[{"embeddable":true,"href":"https:\/\/larepublicanews.com.do\/live\/wp-json\/wp\/v2\/comments?post=1781"}],"version-history":[{"count":1,"href":"https:\/\/larepublicanews.com.do\/live\/wp-json\/wp\/v2\/posts\/1781\/revisions"}],"predecessor-version":[{"id":1783,"href":"https:\/\/larepublicanews.com.do\/live\/wp-json\/wp\/v2\/posts\/1781\/revisions\/1783"}],"wp:featuredmedia":[{"embeddable":true,"href":"https:\/\/larepublicanews.com.do\/live\/wp-json\/wp\/v2\/media\/1782"}],"wp:attachment":[{"href":"https:\/\/larepublicanews.com.do\/live\/wp-json\/wp\/v2\/media?parent=1781"}],"wp:term":[{"taxonomy":"category","embeddable":true,"href":"https:\/\/larepublicanews.com.do\/live\/wp-json\/wp\/v2\/categories?post=1781"},{"taxonomy":"post_tag","embeddable":true,"href":"https:\/\/larepublicanews.com.do\/live\/wp-json\/wp\/v2\/tags?post=1781"}],"curies":[{"name":"wp","href":"https:\/\/api.w.org\/{rel}","templated":true}]}}