{"id":1778,"date":"2021-07-28T22:41:12","date_gmt":"2021-07-28T22:41:12","guid":{"rendered":"https:\/\/larepublicanews.com.do\/live\/?p=1778"},"modified":"2021-07-28T22:41:12","modified_gmt":"2021-07-28T22:41:12","slug":"luto-nacional-y-de-la-musica-fallece-a-los-81-anos-el-caballo-mayor-jhonny-ventura","status":"publish","type":"post","link":"https:\/\/larepublicanews.com.do\/live\/luto-nacional-y-de-la-musica-fallece-a-los-81-anos-el-caballo-mayor-jhonny-ventura\/","title":{"rendered":"Luto Nacional y de la M\u00fasica Fallece a los 81 A\u00f1os El Caballo Mayor Jhonny Ventura"},"content":{"rendered":"<p>By RykyOwen<\/p>\n<p>El pa\u00eds est\u00e1 de luto y la m\u00fasica pierde a uno de sus iconos, el caballo mayor Jhonny Ventura quien falleciera a los 81 a\u00f1os en la uni\u00f3n m\u00e9dica de Santiago de los Caballeros de un infarto.<\/p>\n<p>El pa\u00eds y el merengue \u00a0llora su partida!!<\/p>\n<p>Descanza en Paz Jhonny Ventura \u201cEl Caballo Mayor\u201d<\/p>\n","protected":false},"excerpt":{"rendered":"<p>By RykyOwen El pa\u00eds est\u00e1 de luto y la m\u00fasica pierde a uno de sus iconos, el caballo mayor Jhonny Ventura quien falleciera a los 81 a\u00f1os en la uni\u00f3n m\u00e9dica de Santiago de los Caballeros de un infarto. El pa\u00eds y el merengue \u00a0llora su partida!! Descanza en Paz Jhonny Ventura \u201cEl Caballo Mayor\u201d<\/p>\n","protected":false},"author":2,"featured_media":0,"comment_status":"open","ping_status":"open","sticky":false,"template":"","format":"standard","meta":{"rop_custom_images_group":[],"rop_custom_messages_group":[],"rop_publish_now":"initial","rop_publish_now_accounts":[],"rop_publish_now_history":[],"rop_publish_now_status":"pending","footnotes":""},"categories":[2,3,5,22],"tags":[108,112,109,110,111],"class_list":["post-1778","post","type-post","status-publish","format-standard","hentry","category-actualidad","category-artista","category-cultura","category-noticia","tag-caballo-mayor","tag-dominicanos","tag-jhonny-ventura","tag-merengue","tag-pais"],"_links":{"self":[{"href":"https:\/\/larepublicanews.com.do\/live\/wp-json\/wp\/v2\/posts\/1778","targetHints":{"allow":["GET"]}}],"collection":[{"href":"https:\/\/larepublicanews.com.do\/live\/wp-json\/wp\/v2\/posts"}],"about":[{"href":"https:\/\/larepublicanews.com.do\/live\/wp-json\/wp\/v2\/types\/post"}],"author":[{"embeddable":true,"href":"https:\/\/larepublicanews.com.do\/live\/wp-json\/wp\/v2\/users\/2"}],"replies":[{"embeddable":true,"href":"https:\/\/larepublicanews.com.do\/live\/wp-json\/wp\/v2\/comments?post=1778"}],"version-history":[{"count":1,"href":"https:\/\/larepublicanews.com.do\/live\/wp-json\/wp\/v2\/posts\/1778\/revisions"}],"predecessor-version":[{"id":1780,"href":"https:\/\/larepublicanews.com.do\/live\/wp-json\/wp\/v2\/posts\/1778\/revisions\/1780"}],"wp:attachment":[{"href":"https:\/\/larepublicanews.com.do\/live\/wp-json\/wp\/v2\/media?parent=1778"}],"wp:term":[{"taxonomy":"category","embeddable":true,"href":"https:\/\/larepublicanews.com.do\/live\/wp-json\/wp\/v2\/categories?post=1778"},{"taxonomy":"post_tag","embeddable":true,"href":"https:\/\/larepublicanews.com.do\/live\/wp-json\/wp\/v2\/tags?post=1778"}],"curies":[{"name":"wp","href":"https:\/\/api.w.org\/{rel}","templated":true}]}}