{"id":1767,"date":"2021-07-26T16:53:44","date_gmt":"2021-07-26T16:53:44","guid":{"rendered":"https:\/\/larepublicanews.com.do\/live\/?p=1767"},"modified":"2021-07-26T16:53:44","modified_gmt":"2021-07-26T16:53:44","slug":"detras-de-las-cortinas-joanna-rodriguez","status":"publish","type":"post","link":"https:\/\/larepublicanews.com.do\/live\/detras-de-las-cortinas-joanna-rodriguez\/","title":{"rendered":"Detr\u00e1s  de las cortinas Joanna Rodr\u00edguez"},"content":{"rendered":"<p>\u00a1Una valiente historia real de una ni\u00f1a que se libera del trauma y supera la adversidad! Libro Narrado en versi\u00f3n ingl\u00e9s y espa\u00f1ol.<\/p>\n<ol>\n<li>\nCanad\u00e1. 30 de junio 2021. Sale a circulaci\u00f3n la versi\u00f3n en espa\u00f1ol del libro \u00a8Detr\u00e1s de las Cortinas\u00b4 historia narrada sobre una joven que vivi\u00f3 varios trauma en la etapa infantil desde el seno familiar, y que gracias a su crecimiento emocional pudo escribir la realidad de los hechos para empoderar a la juventud que puedan estar pasando por esta situaci\u00f3n, viviendo una magnitud de luchas contra ella, pero no permiti\u00f3 que estas experiencias le impidieran prosperar, moraleja que nos sirve a todos como testimonio de vida.<br \/>\nLa idea de este libro surgi\u00f3 hace muchos a\u00f1os, cuando Joanna Rodr\u00edguez trataba de encontrar la fuerza para hablar de su pasado, sin temor o verg\u00fcenza y dejando atr\u00e1s el miedo que le arropo durante d\u00e9cadas, sin embargo, fue dif\u00edcil exponer mi realidad en un libro, ya que en persona le hab\u00edan etiquetado mucho. \u00a8Hoy me alegra decir que finalmente lo estoy haciendo. Me siento empoderada y lista para ser una voz para muchos ni\u00f1os, j\u00f3venes y familias que puedan estar pasando por esta realidad, o para otros que conozcan a alguien que este viviendo estas experiencias de vida similar, manifest\u00f3 la se\u00f1ora Joana, autora del libro.<\/p>\n<blockquote><p>La misi\u00f3n contemplada por la autora es que la historia ayude a que muchos ni\u00f1os sean rescatados del abuso, que muchos j\u00f3venes sean comprendidos en lugar de juzgados, que muchas familias aprendan amar incondicionalmente y que traten a todos con igual respeto y admiraci\u00f3n. Su contenido sirve para los adultos, logrando que aprendan los valores de la integridad con la humanidad, y liberarse de las cadenas de su pasado.<\/p><\/blockquote>\n<\/li>\n<\/ol>\n<p>La Exposici\u00f3n del libro cont\u00f3 con varios invitados del \u00e1mbito social y cl\u00ednico, como soci\u00f3logos escolares, psic\u00f3logos cl\u00ednicos, servicios comunitarios y pastorales, en esta ocasi\u00f3n autografi\u00f3 los primeros ejemplares con una dedicatoria personal para cada persona presente, este acto fue llevado acabo con el cumplimiento de todo el protocolo de salud, con el uso de mascarilla, tomando en cuentas las medidas de esta pandemia que acoge al mundo, de igual forma se transmiti\u00f3 por la cuenta oficial del libro en Instagram @Behind_the_curtains la transmisi\u00f3n del lanzamiento.<\/p>\n<p>Behind the curtains (Detr\u00e1s de las cortinas) recibi\u00f3 el best sale del 2021 con la versi\u00f3n en ingl\u00e9s, alcanzando altos volumen de ventas por su contenido org\u00e1nico de contar la historia y en esta ocasi\u00f3n, busca llegar a otros mercados como lo es el hispano, logrando expandir la informaci\u00f3n con apoyo emocional y facilitar el conocimiento a todos los que puedan estar afectados o pasando por esta realidad.<\/p>\n<p>Este libro viene con una sorpresa, que estar\u00e1 lista para finales del mes de agosto, en este momento se tiene el Lanzamiento de solo el libro edici\u00f3n en espa\u00f1ol.<\/p>\n<p>Las ventas de este se han pautado por Amazon y cuenta con el seguro de PayPal para los fines de pago con tarjeta de d\u00e9bito o cr\u00e9dito. El libro viene ya autografiado por su autor\u00eda que de manera especial dedica esta edici\u00f3n para ti. Como novedad de lanzamiento trae una sorpresa. Su entrega y pasi\u00f3n por ayudar la completa con ofrecer Retiros\/seminarios de sanaci\u00f3n interno en Alberta, espacio destinado para recibir a los afectados que buscan una liberaci\u00f3n plena.<\/p>\n<p>Sobre el Autor.<br \/>\nJoanna Rodr\u00edguez. Naci\u00f3 en Ecuador en el a\u00f1o 1981, es el 4th hijo de 6 hermanos, Un par de meses antes de cumplir los 15, lleg\u00f3 a Canad\u00e1, donde se reuni\u00f3 con sus padres que hab\u00edan estado viviendo en Canad\u00e1 desde que la joven ten\u00eda 6 a\u00f1os, m\u00e1s adelante se fue de Ecuador con sus 4 hermanos.<\/p>\n<p>Profesionalmente defensora de los derechos humanos en la vida cotidiana, lleva a\u00f1os de experiencia trabajando con v\u00edctimas de abuso, sobrevivientes de traumas y familias de bajos ingresos, busca todos los d\u00edas inspirar y ayudar a otros a desbloquear sus potenciales internos y enfrentar la adversidad con valent\u00eda.<br \/>\nSe preocupa por mejorar d\u00eda a d\u00eda para poder entregar el mensaje de la mejor manera posible y as\u00ed llegar a muchos corazones y personas que han apagado su voz y otros que han perdido su propio valor como seres humanos.<\/p>\n","protected":false},"excerpt":{"rendered":"<p>\u00a1Una valiente historia real de una ni\u00f1a que se libera del trauma y supera la adversidad! Libro Narrado en versi\u00f3n ingl\u00e9s y espa\u00f1ol. Canad\u00e1. 30 de junio 2021. Sale a circulaci\u00f3n la versi\u00f3n en espa\u00f1ol del libro \u00a8Detr\u00e1s de las Cortinas\u00b4 historia narrada sobre una joven que vivi\u00f3 varios trauma en la etapa infantil desde el seno familiar, y que gracias a su crecimiento emocional pudo escribir la realidad de los hechos para empoderar a la juventud que puedan estar pasando por esta situaci\u00f3n, viviendo una magnitud de luchas contra&hellip;<\/p>\n","protected":false},"author":2,"featured_media":1768,"comment_status":"open","ping_status":"open","sticky":false,"template":"","format":"standard","meta":{"rop_custom_images_group":[],"rop_custom_messages_group":[],"rop_publish_now":"initial","rop_publish_now_accounts":[],"rop_publish_now_history":[],"rop_publish_now_status":"pending","footnotes":""},"categories":[3,5],"tags":[101],"class_list":["post-1767","post","type-post","status-publish","format-standard","has-post-thumbnail","hentry","category-artista","category-cultura","tag-johannarodriguez-artista-historia"],"_links":{"self":[{"href":"https:\/\/larepublicanews.com.do\/live\/wp-json\/wp\/v2\/posts\/1767","targetHints":{"allow":["GET"]}}],"collection":[{"href":"https:\/\/larepublicanews.com.do\/live\/wp-json\/wp\/v2\/posts"}],"about":[{"href":"https:\/\/larepublicanews.com.do\/live\/wp-json\/wp\/v2\/types\/post"}],"author":[{"embeddable":true,"href":"https:\/\/larepublicanews.com.do\/live\/wp-json\/wp\/v2\/users\/2"}],"replies":[{"embeddable":true,"href":"https:\/\/larepublicanews.com.do\/live\/wp-json\/wp\/v2\/comments?post=1767"}],"version-history":[{"count":1,"href":"https:\/\/larepublicanews.com.do\/live\/wp-json\/wp\/v2\/posts\/1767\/revisions"}],"predecessor-version":[{"id":1769,"href":"https:\/\/larepublicanews.com.do\/live\/wp-json\/wp\/v2\/posts\/1767\/revisions\/1769"}],"wp:featuredmedia":[{"embeddable":true,"href":"https:\/\/larepublicanews.com.do\/live\/wp-json\/wp\/v2\/media\/1768"}],"wp:attachment":[{"href":"https:\/\/larepublicanews.com.do\/live\/wp-json\/wp\/v2\/media?parent=1767"}],"wp:term":[{"taxonomy":"category","embeddable":true,"href":"https:\/\/larepublicanews.com.do\/live\/wp-json\/wp\/v2\/categories?post=1767"},{"taxonomy":"post_tag","embeddable":true,"href":"https:\/\/larepublicanews.com.do\/live\/wp-json\/wp\/v2\/tags?post=1767"}],"curies":[{"name":"wp","href":"https:\/\/api.w.org\/{rel}","templated":true}]}}