{"id":1764,"date":"2021-07-26T14:25:45","date_gmt":"2021-07-26T14:25:45","guid":{"rendered":"https:\/\/larepublicanews.com.do\/live\/?p=1764"},"modified":"2021-07-26T14:25:45","modified_gmt":"2021-07-26T14:25:45","slug":"mescyt-proporcionara-becas-a-miembros-del-circulo-reporteros-graficos-graficos-tv","status":"publish","type":"post","link":"https:\/\/larepublicanews.com.do\/live\/mescyt-proporcionara-becas-a-miembros-del-circulo-reporteros-graficos-graficos-tv\/","title":{"rendered":"MESCYT proporcionar\u00e1 becas a miembros del C\u00edrculo Reporteros Gr\u00e1ficos gr\u00e1ficos TV"},"content":{"rendered":"<p style=\"text-align: left;\">*Santo Domingo-* El Ministerio de Educaci\u00f3n Ciencias y Tecnolog\u00eda entregar\u00e1 becas a miembros del Circulo de reporteros gr\u00e1ficos de la Rep\u00fablica Dominicana.<\/p>\n<p>El doctor Franklin Garc\u00eda Ferm\u00edn, ministro del MESCYT, les facilitar\u00e1 becas para estudios nacionales e internacionales a los reporteros gr\u00e1ficos que necesiten ser capacitados para desarrollarse en su rama de la comunicaci\u00f3n y otras \u00e1reas que les sea de inter\u00e9s.<\/p>\n<p>Durante el encuentro, el presidente del C\u00edrculo manifest\u00f3 la necesidad de capacitar a estos profesionales del lente para que puedan adquirir los conocimientos, herramientas, habilidades y actitudes para una mejor interaci\u00f3n en el entorno laboral y cumplir con el trabajo que se les encomienda.<\/p>\n<p>En el encuentro estuvieron presentes parte de la directiva del C\u00edrculo de Reporteros Gr\u00e1ficos encabezada por Corpus Montero Valdez, Presidente; Kaming Rosario, Secretario de Finanzas y Ren\u00e9 Polanco, miembro del gremio.<\/p>\n","protected":false},"excerpt":{"rendered":"<p>*Santo Domingo-* El Ministerio de Educaci\u00f3n Ciencias y Tecnolog\u00eda entregar\u00e1 becas a miembros del Circulo de reporteros gr\u00e1ficos de la Rep\u00fablica Dominicana. El doctor Franklin Garc\u00eda Ferm\u00edn, ministro del MESCYT, les facilitar\u00e1 becas para estudios nacionales e internacionales a los reporteros gr\u00e1ficos que necesiten ser capacitados para desarrollarse en su rama de la comunicaci\u00f3n y otras \u00e1reas que les sea de inter\u00e9s. Durante el encuentro, el presidente del C\u00edrculo manifest\u00f3 la necesidad de capacitar a estos profesionales del lente para que puedan adquirir los conocimientos, herramientas, habilidades y actitudes para&hellip;<\/p>\n","protected":false},"author":2,"featured_media":1765,"comment_status":"open","ping_status":"open","sticky":false,"template":"","format":"standard","meta":{"rop_custom_images_group":[],"rop_custom_messages_group":[],"rop_publish_now":"initial","rop_publish_now_accounts":[],"rop_publish_now_history":[],"rop_publish_now_status":"pending","footnotes":""},"categories":[2,56],"tags":[100],"class_list":["post-1764","post","type-post","status-publish","format-standard","has-post-thumbnail","hentry","category-actualidad","category-educacion","tag-mescyt-becas-comunicacion-sociedad"],"_links":{"self":[{"href":"https:\/\/larepublicanews.com.do\/live\/wp-json\/wp\/v2\/posts\/1764","targetHints":{"allow":["GET"]}}],"collection":[{"href":"https:\/\/larepublicanews.com.do\/live\/wp-json\/wp\/v2\/posts"}],"about":[{"href":"https:\/\/larepublicanews.com.do\/live\/wp-json\/wp\/v2\/types\/post"}],"author":[{"embeddable":true,"href":"https:\/\/larepublicanews.com.do\/live\/wp-json\/wp\/v2\/users\/2"}],"replies":[{"embeddable":true,"href":"https:\/\/larepublicanews.com.do\/live\/wp-json\/wp\/v2\/comments?post=1764"}],"version-history":[{"count":1,"href":"https:\/\/larepublicanews.com.do\/live\/wp-json\/wp\/v2\/posts\/1764\/revisions"}],"predecessor-version":[{"id":1766,"href":"https:\/\/larepublicanews.com.do\/live\/wp-json\/wp\/v2\/posts\/1764\/revisions\/1766"}],"wp:featuredmedia":[{"embeddable":true,"href":"https:\/\/larepublicanews.com.do\/live\/wp-json\/wp\/v2\/media\/1765"}],"wp:attachment":[{"href":"https:\/\/larepublicanews.com.do\/live\/wp-json\/wp\/v2\/media?parent=1764"}],"wp:term":[{"taxonomy":"category","embeddable":true,"href":"https:\/\/larepublicanews.com.do\/live\/wp-json\/wp\/v2\/categories?post=1764"},{"taxonomy":"post_tag","embeddable":true,"href":"https:\/\/larepublicanews.com.do\/live\/wp-json\/wp\/v2\/tags?post=1764"}],"curies":[{"name":"wp","href":"https:\/\/api.w.org\/{rel}","templated":true}]}}