{"id":1757,"date":"2021-07-23T19:37:16","date_gmt":"2021-07-23T19:37:16","guid":{"rendered":"https:\/\/larepublicanews.com.do\/live\/?p=1757"},"modified":"2021-07-23T21:05:22","modified_gmt":"2021-07-23T21:05:22","slug":"incendian-bugatti-del-exponente-urbano-elalfa","status":"publish","type":"post","link":"https:\/\/larepublicanews.com.do\/live\/incendian-bugatti-del-exponente-urbano-elalfa\/","title":{"rendered":"Incendian #Bugatti del Exponente Urbano #ElAlfa"},"content":{"rendered":"<p>Miami: by RykyOwen<\/p>\n<p>Desaprensivos incendiaron est\u00e1 madrugada el veh\u00edculo del exponente urbano #ElAlfa, el controvercial #Bugatti. El mismo lo utiliz\u00f3 a noche para asistir a los premios juventud junto a David Ortiz, hasta el momento se desconocen los motivos y quienes est\u00e1n involucrados.<\/p>\n<p>&nbsp;<\/p>\n<p>Atentos a m\u00e1s noticias:<\/p>\n<div style=\"width: 640px;\" class=\"wp-video\"><video class=\"wp-video-shortcode\" id=\"video-1757-1\" width=\"640\" height=\"640\" preload=\"metadata\" controls=\"controls\"><source type=\"video\/mp4\" src=\"https:\/\/larepublicanews.com.do\/live\/wp-content\/uploads\/2021\/07\/7GFg69SzcNKva6Rh.mp4?_=1\" \/><a href=\"https:\/\/larepublicanews.com.do\/live\/wp-content\/uploads\/2021\/07\/7GFg69SzcNKva6Rh.mp4\">https:\/\/larepublicanews.com.do\/live\/wp-content\/uploads\/2021\/07\/7GFg69SzcNKva6Rh.mp4<\/a><\/video><\/div>\n","protected":false},"excerpt":{"rendered":"<p>Miami: by RykyOwen Desaprensivos incendiaron est\u00e1 madrugada el veh\u00edculo del exponente urbano #ElAlfa, el controvercial #Bugatti. El mismo lo utiliz\u00f3 a noche para asistir a los premios juventud junto a David Ortiz, hasta el momento se desconocen los motivos y quienes est\u00e1n involucrados. &nbsp; Atentos a m\u00e1s noticias:<\/p>\n","protected":false},"author":2,"featured_media":1758,"comment_status":"open","ping_status":"open","sticky":false,"template":"","format":"standard","meta":{"rop_custom_images_group":[],"rop_custom_messages_group":[],"rop_publish_now":"initial","rop_publish_now_accounts":[],"rop_publish_now_history":[],"rop_publish_now_status":"pending","footnotes":""},"categories":[2,9,18],"tags":[98,99],"class_list":["post-1757","post","type-post","status-publish","format-standard","has-post-thumbnail","hentry","category-actualidad","category-dominicanos-en-newyork","category-world","tag-elalfa-bugatti-davidortiz","tag-incendian"],"_links":{"self":[{"href":"https:\/\/larepublicanews.com.do\/live\/wp-json\/wp\/v2\/posts\/1757","targetHints":{"allow":["GET"]}}],"collection":[{"href":"https:\/\/larepublicanews.com.do\/live\/wp-json\/wp\/v2\/posts"}],"about":[{"href":"https:\/\/larepublicanews.com.do\/live\/wp-json\/wp\/v2\/types\/post"}],"author":[{"embeddable":true,"href":"https:\/\/larepublicanews.com.do\/live\/wp-json\/wp\/v2\/users\/2"}],"replies":[{"embeddable":true,"href":"https:\/\/larepublicanews.com.do\/live\/wp-json\/wp\/v2\/comments?post=1757"}],"version-history":[{"count":4,"href":"https:\/\/larepublicanews.com.do\/live\/wp-json\/wp\/v2\/posts\/1757\/revisions"}],"predecessor-version":[{"id":1763,"href":"https:\/\/larepublicanews.com.do\/live\/wp-json\/wp\/v2\/posts\/1757\/revisions\/1763"}],"wp:featuredmedia":[{"embeddable":true,"href":"https:\/\/larepublicanews.com.do\/live\/wp-json\/wp\/v2\/media\/1758"}],"wp:attachment":[{"href":"https:\/\/larepublicanews.com.do\/live\/wp-json\/wp\/v2\/media?parent=1757"}],"wp:term":[{"taxonomy":"category","embeddable":true,"href":"https:\/\/larepublicanews.com.do\/live\/wp-json\/wp\/v2\/categories?post=1757"},{"taxonomy":"post_tag","embeddable":true,"href":"https:\/\/larepublicanews.com.do\/live\/wp-json\/wp\/v2\/tags?post=1757"}],"curies":[{"name":"wp","href":"https:\/\/api.w.org\/{rel}","templated":true}]}}