{"id":1742,"date":"2021-07-21T13:48:29","date_gmt":"2021-07-21T13:48:29","guid":{"rendered":"https:\/\/larepublicanews.com.do\/live\/?p=1742"},"modified":"2021-07-21T15:18:09","modified_gmt":"2021-07-21T15:18:09","slug":"1742-2","status":"publish","type":"post","link":"https:\/\/larepublicanews.com.do\/live\/1742-2\/","title":{"rendered":"La Rep\u00fablica Dominicana entra hoy en la tercera fase del Plan de Flexibilizaci\u00f3n de las Medidas Restrictivas por el Covid-19"},"content":{"rendered":"<div id=\"ArticleSourceDiv\" class=\"article-body-author\"><b>Santo Domingo, RD<\/b><\/div>\n<div id=\"ArticleBody\">\n<p>La Rep\u00fablica Dominicana entra hoy en la tercera fase del Plan de Flexibilizaci\u00f3n de las Medidas Restrictivas por el Covid-19 que hab\u00edan sido impuestas por el gobierno, lo que unificar\u00e1 el toque de queda de 11:00 de la noche hasta las 5:00 de la ma\u00f1ana, con libre tr\u00e1nsito hasta la 1:00 de la madrugada, todos los d\u00edas en todo el pa\u00eds. La restricci\u00f3n para transitar es de solo cuatro horas.<\/p>\n<p>El pasado d\u00eda 12 el presidente Luis Abinader emiti\u00f3 el Decreto 432-21 que oficializ\u00f3 la implementaci\u00f3n del plan de flexibilizaci\u00f3n, iniciadas el d\u00eda 7.<\/p>\n<p>El decreto estableci\u00f3 que una vez iniciada la fase 3 del Plan de Flexibilizaci\u00f3n de las Medidas Restrictivas por la Covid-19, el Distrito Nacional y las dem\u00e1s provincias ser\u00e1n consideradas para el levantamiento del toque de queda,\u00a0 al momento en que por lo menos el 70% de sus respectivas poblaciones haya recibido la segunda dosis de la vacuna contra la Covid-19.<\/p>\n<p>Con la disposici\u00f3n gubernamental, \u201cse permitir\u00e1 la venta de bebidas alcoh\u00f3licas hasta la hora del toque de queda\u201d.<\/p>\n<div id=\"FIOnDemandWrapper_fiInstance_101888_2_23167224407514\" class=\"FIOnDemandWrapper\">\n<div class=\"apd_inview_banner \">\n<div id=\"div-gpt-ad-fiInstance_101888_2_23167224407514-25730\" data-google-query-id=\"CLXGkvWk9PECFTT54QodhikPdA\">\n<div id=\"google_ads_iframe_\/15764254\/ca-pub-3622156405313063-tag\/bee9b24.2eace73_0__container__\">Hasta ayer, los s\u00e1bados y domingos el toque de queda comenzaba a las 9:00 de la noche y se pod\u00eda transitar hasta las 11:00, pero esa restricci\u00f3n queda eliminada desde esta noche hasta que las autoridades decidan revisar la medida.<\/div>\n<\/div>\n<\/div>\n<\/div>\n<p>La ampliaci\u00f3n de las horas de operaciones de negocios y libre circulaci\u00f3n coincide con el momento en que en el pa\u00eds hay 53,402 casos activos, de un total de 337,975 registrados, con 280,645 pacientes recuperados y 1,462,634 casos sospechosos han sido descartados.<\/p>\n<p>El total de muestras procesadas en el pa\u00eds desde que se inici\u00f3 la pandemia es de 1,800,609, equivalentes a 172,332 por mill\u00f3n de habitantes.<\/p>\n<p>Las autoridades de Salud reiteraron su llamado a la ciudadan\u00eda de no bajar la guardia frente al virus, manteniendo las medidas de higiene y protocolos establecidos, como \u00fanica forma de evitar el contagio del Covid-19.<\/p>\n<\/div>\n","protected":false},"excerpt":{"rendered":"<p>Santo Domingo, RD La Rep\u00fablica Dominicana entra hoy en la tercera fase del Plan de Flexibilizaci\u00f3n de las Medidas Restrictivas por el Covid-19 que hab\u00edan sido impuestas por el gobierno, lo que unificar\u00e1 el toque de queda de 11:00 de la noche hasta las 5:00 de la ma\u00f1ana, con libre tr\u00e1nsito hasta la 1:00 de la madrugada, todos los d\u00edas en todo el pa\u00eds. La restricci\u00f3n para transitar es de solo cuatro horas. El pasado d\u00eda 12 el presidente Luis Abinader emiti\u00f3 el Decreto 432-21 que oficializ\u00f3 la implementaci\u00f3n del&hellip;<\/p>\n","protected":false},"author":2,"featured_media":1743,"comment_status":"open","ping_status":"open","sticky":false,"template":"","format":"standard","meta":{"rop_custom_images_group":[],"rop_custom_messages_group":[],"rop_publish_now":"initial","rop_publish_now_accounts":[],"rop_publish_now_history":[],"rop_publish_now_status":"pending","footnotes":""},"categories":[2,66],"tags":[89,92,91,90],"class_list":["post-1742","post","type-post","status-publish","format-standard","has-post-thumbnail","hentry","category-actualidad","category-gobierno","tag-medidas","tag-covi19","tag-gobierno","tag-toquedequeda"],"_links":{"self":[{"href":"https:\/\/larepublicanews.com.do\/live\/wp-json\/wp\/v2\/posts\/1742","targetHints":{"allow":["GET"]}}],"collection":[{"href":"https:\/\/larepublicanews.com.do\/live\/wp-json\/wp\/v2\/posts"}],"about":[{"href":"https:\/\/larepublicanews.com.do\/live\/wp-json\/wp\/v2\/types\/post"}],"author":[{"embeddable":true,"href":"https:\/\/larepublicanews.com.do\/live\/wp-json\/wp\/v2\/users\/2"}],"replies":[{"embeddable":true,"href":"https:\/\/larepublicanews.com.do\/live\/wp-json\/wp\/v2\/comments?post=1742"}],"version-history":[{"count":3,"href":"https:\/\/larepublicanews.com.do\/live\/wp-json\/wp\/v2\/posts\/1742\/revisions"}],"predecessor-version":[{"id":1746,"href":"https:\/\/larepublicanews.com.do\/live\/wp-json\/wp\/v2\/posts\/1742\/revisions\/1746"}],"wp:featuredmedia":[{"embeddable":true,"href":"https:\/\/larepublicanews.com.do\/live\/wp-json\/wp\/v2\/media\/1743"}],"wp:attachment":[{"href":"https:\/\/larepublicanews.com.do\/live\/wp-json\/wp\/v2\/media?parent=1742"}],"wp:term":[{"taxonomy":"category","embeddable":true,"href":"https:\/\/larepublicanews.com.do\/live\/wp-json\/wp\/v2\/categories?post=1742"},{"taxonomy":"post_tag","embeddable":true,"href":"https:\/\/larepublicanews.com.do\/live\/wp-json\/wp\/v2\/tags?post=1742"}],"curies":[{"name":"wp","href":"https:\/\/api.w.org\/{rel}","templated":true}]}}