{"id":1738,"date":"2021-07-16T17:17:09","date_gmt":"2021-07-16T17:17:09","guid":{"rendered":"https:\/\/larepublicanews.com.do\/live\/?p=1738"},"modified":"2021-07-16T17:17:09","modified_gmt":"2021-07-16T17:17:09","slug":"la-reunion-para-planear-magnicidio-en-haiti-habria-sido-en-florida-segun-medios","status":"publish","type":"post","link":"https:\/\/larepublicanews.com.do\/live\/la-reunion-para-planear-magnicidio-en-haiti-habria-sido-en-florida-segun-medios\/","title":{"rendered":"La Reuni\u00f3n para planear magnicidio en Hait\u00ed habr\u00eda sido en Florida, seg\u00fan medios"},"content":{"rendered":"<p>El diario estadounidense The Washington Post public\u00f3 en un reportaje de investigaci\u00f3n que la reuni\u00f3n en la que se buscaba mostrar el plan que Christian Emmanuel Sanon, quien aspiraba a la presidencia de Hait\u00ed, ten\u00eda para esa naci\u00f3n caribe\u00f1a no se desarroll\u00f3 en un hotel de Rep\u00fablica Dominicana, como se\u00f1al\u00f3 este mi\u00e9rcoles la Polic\u00eda de Hait\u00ed.<\/p>\n<p>Seg\u00fan documentos obtenidos por el diario estadounidense \u2018The Washington Post\u2019 (TWP) y cuyos datos fueron reproducidos por el medio colombiano El Tiempo en un art\u00edculo, el encuentro fue realizado en una sala de conferencias de Fort Lauderdale, en Florida.<\/p>\n<p>En una foto que se ha vuelto viral en las redes sociales, se puede ver a dos de los sospechosos detenidos y al exsenador Joel John Joseph, objeto de una orden de captura, participando codo con codo en una reuni\u00f3n.<\/p>\n<p>Seg\u00fan el director de la Polic\u00eda Nacional de Hait\u00ed, L\u00e9on Charles, las personas en la imagen estaban reunidas en un hotel de Santo Domingo. \u201cAlrededor de la mesa est\u00e1n los autores intelectuales, un grupo de reclutamiento t\u00e9cnico y un grupo de recaudaci\u00f3n de fondos\u00bb, dijo a la prensa.<\/p>\n<p>En la fotograf\u00eda tambi\u00e9n estaban el titular de la firma de seguridad venezolana CTU (con sede en Miami), Antonio Emmanuel Intriago Valera y el titular de la empresa Worldwide Capital Lending Group, Walter Veintemilla.<\/p>\n<p>Charles dijo ante la prensa que estaban en proceso de investigar a ambas empresas que habr\u00edan recaudado fondos para financiar la ejecuci\u00f3n del acto criminal.<\/p>\n<p><strong>Exmilitares colombianos<\/strong><\/p>\n<p>Los documentos a los que tuvo acceso TWP demostrar\u00edan adem\u00e1s, seg\u00fan El Tiempo, que los exmilitares colombianos involucrados en el magnicidio de Jovenel Mo\u00efse fueron contratados para la seguridad personal de Sanon.<\/p>\n<p>Su idea de gobierno para \u201csalvar Hait\u00ed\u201d fue compartida en una reuni\u00f3n, en Estados Unidos, el 12 de mayo. En este encuentro estaban, seg\u00fan los peri\u00f3dicos internacionales mencionados, el due\u00f1o de la firma de seguridad CTU y el responsable de la consultora Worldwide Capital Lending Group, se\u00f1alada como la compa\u00f1\u00eda que financi\u00f3 la operaci\u00f3n.<\/p>\n<p>Se trata de Antonio Intriago y Walter Veintemilla, respectivamente, quienes hab\u00edan acordado reclutar y reunir una fuerza de seguridad para Sanon, a quien deb\u00edan proteger con el objetivo de llevarlo a la presidencia de Hait\u00ed, de acuerdo a El Tiempo.<\/p>\n<p>TWP indica adem\u00e1s que Veintemilla respaldar\u00eda econ\u00f3micamente el deseo de Sanon, seg\u00fan su abogado Robert N. Nicholson. Asimismo, el representante legal se\u00f1al\u00f3 que en ning\u00fan momento se acord\u00f3 el uso de la fuerza para llegar al poder ni se habr\u00eda mencionado el complot para asesinar a Moise.<\/p>\n<p>Luego de la reuni\u00f3n en Fort Lauderdale (Florida), Sanon, Intriago y Veintemilla habr\u00edan formalizado, el 17 de mayo, un documento para la \u201cseguridad personal\u201d de Sanon, en la cual se inclu\u00eda un equipo para \u201cplanificar operaciones\u201d.<\/p>\n<p>El medio colombiano contin\u00faa diciendo que la b\u00fasqueda de ese grupo inclu\u00eda a personal con experiencia en operaciones especiales, militares en pa\u00edses como Irak, Bolivia y Colombia.<\/p>\n<p>TWP reitera que las empresas de Veintemilla e Intriago se encargar\u00edan de reclutar una \u201cfuerza de seguridad privada para proteger a Sanon hasta que se convirtiera en presidente de Hait\u00ed\u201d, seg\u00fan los detalles en un borrador de acuerdo de consultor\u00eda sin firmar obtenido por el diario estadounidense.<\/p>\n<p>El pago de esos servicios Sanon lo realizar\u00eda utilizando los activos del pa\u00eds, cuentan los peri\u00f3dicos, seg\u00fan el borrador de contrato que circul\u00f3 el 22 de junio.<\/p>\n<p>El borrador, explica &#8216;The Post&#8217;, \u201cespecificaba que las compa\u00f1\u00edas desplegar\u00edan un n\u00famero indeterminado de oficiales militares privados en la capital haitiana de Puerto Pr\u00edncipe, dentro de las 72 horas posteriores al nombramiento de Sanon como presidente, a tarifas semanales de entre $ 1,500 y $ 3,000 por oficial\u201d, versi\u00f3n que concuerda con la brindada por Jenny Capador, hermana de un exmilitar colombiano que falleci\u00f3 durante una operaci\u00f3n de la polic\u00eda haitiana.<\/p>\n<p>Lo que Capador le dijo a El Tiempo fue: \u00abMe dec\u00eda que hab\u00edan llegado tarde a proteger a la persona que ten\u00edan que cuidar, me imagino que era el Presidente. Que la Polic\u00eda los ten\u00eda acorralados y que \u00e9l iba a tratar de mediar para que los escucharan\u00bb.<\/p>\n<p><strong>Magnicidio<\/strong><\/p>\n<p>El presidente haitiano, Jovenel Moise, fue asesinado el 7 de julio por un comando armado que irrumpi\u00f3 en su residencia de Puerto Pr\u00edncipe. En el ataque -en el que participaron unos 26 colombianos y dos estadounidenses de origen haitiano- result\u00f3 gravemente herida su esposa, Martine.<\/p>\n","protected":false},"excerpt":{"rendered":"<p>El diario estadounidense The Washington Post public\u00f3 en un reportaje de investigaci\u00f3n que la reuni\u00f3n en la que se buscaba mostrar el plan que Christian Emmanuel Sanon, quien aspiraba a la presidencia de Hait\u00ed, ten\u00eda para esa naci\u00f3n caribe\u00f1a no se desarroll\u00f3 en un hotel de Rep\u00fablica Dominicana, como se\u00f1al\u00f3 este mi\u00e9rcoles la Polic\u00eda de Hait\u00ed. Seg\u00fan documentos obtenidos por el diario estadounidense \u2018The Washington Post\u2019 (TWP) y cuyos datos fueron reproducidos por el medio colombiano El Tiempo en un art\u00edculo, el encuentro fue realizado en una sala de conferencias&hellip;<\/p>\n","protected":false},"author":2,"featured_media":1739,"comment_status":"open","ping_status":"open","sticky":false,"template":"","format":"standard","meta":{"rop_custom_images_group":[],"rop_custom_messages_group":[],"rop_publish_now":"initial","rop_publish_now_accounts":[],"rop_publish_now_history":[],"rop_publish_now_status":"pending","footnotes":""},"categories":[60,18],"tags":[87,88],"class_list":["post-1738","post","type-post","status-publish","format-standard","has-post-thumbnail","hentry","category-internacional","category-world","tag-fbi-jovenemoise-magnicidio-haiti-reunion-muerte-politica-internacionales","tag-jovenelmoise"],"_links":{"self":[{"href":"https:\/\/larepublicanews.com.do\/live\/wp-json\/wp\/v2\/posts\/1738","targetHints":{"allow":["GET"]}}],"collection":[{"href":"https:\/\/larepublicanews.com.do\/live\/wp-json\/wp\/v2\/posts"}],"about":[{"href":"https:\/\/larepublicanews.com.do\/live\/wp-json\/wp\/v2\/types\/post"}],"author":[{"embeddable":true,"href":"https:\/\/larepublicanews.com.do\/live\/wp-json\/wp\/v2\/users\/2"}],"replies":[{"embeddable":true,"href":"https:\/\/larepublicanews.com.do\/live\/wp-json\/wp\/v2\/comments?post=1738"}],"version-history":[{"count":1,"href":"https:\/\/larepublicanews.com.do\/live\/wp-json\/wp\/v2\/posts\/1738\/revisions"}],"predecessor-version":[{"id":1740,"href":"https:\/\/larepublicanews.com.do\/live\/wp-json\/wp\/v2\/posts\/1738\/revisions\/1740"}],"wp:featuredmedia":[{"embeddable":true,"href":"https:\/\/larepublicanews.com.do\/live\/wp-json\/wp\/v2\/media\/1739"}],"wp:attachment":[{"href":"https:\/\/larepublicanews.com.do\/live\/wp-json\/wp\/v2\/media?parent=1738"}],"wp:term":[{"taxonomy":"category","embeddable":true,"href":"https:\/\/larepublicanews.com.do\/live\/wp-json\/wp\/v2\/categories?post=1738"},{"taxonomy":"post_tag","embeddable":true,"href":"https:\/\/larepublicanews.com.do\/live\/wp-json\/wp\/v2\/tags?post=1738"}],"curies":[{"name":"wp","href":"https:\/\/api.w.org\/{rel}","templated":true}]}}