{"id":1731,"date":"2021-07-16T14:06:50","date_gmt":"2021-07-16T14:06:50","guid":{"rendered":"https:\/\/larepublicanews.com.do\/live\/?p=1731"},"modified":"2021-07-16T17:26:45","modified_gmt":"2021-07-16T17:26:45","slug":"1731-2","status":"publish","type":"post","link":"https:\/\/larepublicanews.com.do\/live\/1731-2\/","title":{"rendered":"Te llevaste todo de m\u00ed, nuevo sencillo de Alexis G\u00f3mez"},"content":{"rendered":"<p>Te llevaste todo de m\u00ed, nuevo sencillo de Alexis G\u00f3mez<\/p>\n<p>De la mano de HF Manager, Jochy Acevedo<\/p>\n<p>Santo Domingo, Rep. Dom. viernes 16 de Julio 2021. Alexis G\u00f3mez pone a circular su nuevo tema. Te llevaste todo de m\u00ed, por las plataformas digitales de mayor alcance, elevando el gusto, la buena m\u00fasica y letra de la bachata.<\/p>\n<p>Inclinado por la bachata pop, luego de varios a\u00f1os de preparaci\u00f3n, visitando pa\u00edses en Europa, como Espa\u00f1a, Alemania, Suiza, Estocolmo, Italia, Finlandia, Francia, se siente preparado para poner en alto el ritmo que por el momento cautiva en cada una de sus canciones.<\/p>\n<p>Te llevaste todo de m\u00ed, cuenta la historia de una pareja enamorada que expresa todas las cosas que tiene ella de \u00e9l, recordando cada mensaje de amor al o\u00eddo, pero al escapar solo quedan sus huellas, es parte de esta composici\u00f3n musical, donde muchos se sienten identificados.<\/p>\n<p>Su sencillo viene cargado de la buena m\u00fasica, permiti\u00e9ndole a sus fans enamorados, que se indiquen con el contenido de sus letras y la carga de buena m\u00fasica predominada con la guitarra.<\/p>\n<p>G\u00f3mez es arreglista y compositor, tiene conocimientos musicales de lectura y transcripci\u00f3n de partituras, conocimiento de Bass, piano, guitarra y director de coros, preparado como polifac\u00e9tico, maneja los g\u00e9neros musicales, como la salsa, merengue y baladas.<\/p>\n<p>La trayectoria de Alexis G\u00f3mez inicia en el viejo mundo. donde se forma para dar clase avanzada en escuelas secundarias, en el colegio Calasanz de Madrid, en Espa\u00f1a comienza al mundo de la m\u00fasica popular, tocando con varias orquestas como la M\u00e1quina de Puerto Rico, Rikarena, Alex Bueno, entre otros artistas de fama mundial.<\/p>\n<p>Alexis G\u00f3mez es un artista de HF Manager, Jochy Acevedo y lanza su nuevo sencillo, esperando que sea del agrado de todos. Pueden escuchar su m\u00fasica en todas las plataformas digitales.<\/p>\n<p>Sigue a Alexis G\u00f3mez en:<\/p>\n<p>Facebook: Alex Gom (Alexis Gomez)<\/p>\n<p>Instagram: @AlexisGomez2403<\/p>\n<p>YouTube: ALEXIS GOMEZ BACHATA<\/p>\n<p>&nbsp;<\/p>\n<p>Para Contrataciones:<\/p>\n<p>Jochy Acevedo, Cynthia Cruz y\/o Antoni Reyez<\/p>\n<p>Tel\u00e9fonos: 13473606775 y 18573261845<\/p>\n<p>Post Views: 276<\/p>\n","protected":false},"excerpt":{"rendered":"<p>Te llevaste todo de m\u00ed, nuevo sencillo de Alexis G\u00f3mez De la mano de HF Manager, Jochy Acevedo Santo Domingo, Rep. Dom. viernes 16 de Julio 2021. Alexis G\u00f3mez pone a circular su nuevo tema. Te llevaste todo de m\u00ed, por las plataformas digitales de mayor alcance, elevando el gusto, la buena m\u00fasica y letra de la bachata. Inclinado por la bachata pop, luego de varios a\u00f1os de preparaci\u00f3n, visitando pa\u00edses en Europa, como Espa\u00f1a, Alemania, Suiza, Estocolmo, Italia, Finlandia, Francia, se siente preparado para poner en alto el ritmo&hellip;<\/p>\n","protected":false},"author":2,"featured_media":1732,"comment_status":"open","ping_status":"open","sticky":false,"template":"","format":"standard","meta":{"rop_custom_images_group":[],"rop_custom_messages_group":[],"rop_publish_now":"initial","rop_publish_now_accounts":[],"rop_publish_now_history":[],"rop_publish_now_status":"pending","footnotes":""},"categories":[3,13],"tags":[85,81,86,84,83,82],"class_list":["post-1731","post","type-post","status-publish","format-standard","has-post-thumbnail","hentry","category-artista","category-entretenimiento","tag-alexisgomez","tag-artistas","tag-bachata","tag-farandula","tag-jochy","tag-jochyacevedo"],"_links":{"self":[{"href":"https:\/\/larepublicanews.com.do\/live\/wp-json\/wp\/v2\/posts\/1731","targetHints":{"allow":["GET"]}}],"collection":[{"href":"https:\/\/larepublicanews.com.do\/live\/wp-json\/wp\/v2\/posts"}],"about":[{"href":"https:\/\/larepublicanews.com.do\/live\/wp-json\/wp\/v2\/types\/post"}],"author":[{"embeddable":true,"href":"https:\/\/larepublicanews.com.do\/live\/wp-json\/wp\/v2\/users\/2"}],"replies":[{"embeddable":true,"href":"https:\/\/larepublicanews.com.do\/live\/wp-json\/wp\/v2\/comments?post=1731"}],"version-history":[{"count":4,"href":"https:\/\/larepublicanews.com.do\/live\/wp-json\/wp\/v2\/posts\/1731\/revisions"}],"predecessor-version":[{"id":1736,"href":"https:\/\/larepublicanews.com.do\/live\/wp-json\/wp\/v2\/posts\/1731\/revisions\/1736"}],"wp:featuredmedia":[{"embeddable":true,"href":"https:\/\/larepublicanews.com.do\/live\/wp-json\/wp\/v2\/media\/1732"}],"wp:attachment":[{"href":"https:\/\/larepublicanews.com.do\/live\/wp-json\/wp\/v2\/media?parent=1731"}],"wp:term":[{"taxonomy":"category","embeddable":true,"href":"https:\/\/larepublicanews.com.do\/live\/wp-json\/wp\/v2\/categories?post=1731"},{"taxonomy":"post_tag","embeddable":true,"href":"https:\/\/larepublicanews.com.do\/live\/wp-json\/wp\/v2\/tags?post=1731"}],"curies":[{"name":"wp","href":"https:\/\/api.w.org\/{rel}","templated":true}]}}