{"id":1726,"date":"2021-07-15T15:56:11","date_gmt":"2021-07-15T15:56:11","guid":{"rendered":"https:\/\/larepublicanews.com.do\/live\/?p=1726"},"modified":"2021-07-15T15:57:58","modified_gmt":"2021-07-15T15:57:58","slug":"el-asesinato-de-jovenel-moise-se-planeo-en-un-hotel-dominicano-segun-la-policia-de-haiti","status":"publish","type":"post","link":"https:\/\/larepublicanews.com.do\/live\/el-asesinato-de-jovenel-moise-se-planeo-en-un-hotel-dominicano-segun-la-policia-de-haiti\/","title":{"rendered":"El asesinato de Jovenel Mo\u00efse se plane\u00f3 en un hotel dominicano, seg\u00fan la Polic\u00eda de Hait\u00ed"},"content":{"rendered":"<p>El\u00a0<strong>asesinato del presidente Jovenel Mo\u00efse,\u00a0<\/strong>perpetrado el pasado 7 de julio, fue planificado por los supuestos autores del magnicidio en una reuni\u00f3n en un\u00a0<strong>hotel de Santo Domingo,\u00a0<\/strong>inform\u00f3 este mi\u00e9rcoles la Polic\u00eda de Hait\u00ed.<\/p>\n<p>El director general de la Polic\u00eda, L\u00e9on Charles, present\u00f3 ante la prensa una fotograf\u00eda de la reuni\u00f3n en la que los supuestos cerebros del magnicidio y los responsables financieros del presunto entramado internacional planificaron la operaci\u00f3n.<\/p>\n<p>El responsable tambi\u00e9n mostr\u00f3 la red de contactos entre los presuntos implicados y aport\u00f3 detalles sobre la supuesta red que cuenta con ramificaciones en Estados Unidos y Colombia.<\/p>\n<p>El principal responsable de la trama ser\u00eda el doctor\u00a0<strong>Christian Emmanuel Sanon,<\/strong>\u00a0un m\u00e9dico residente en Estados Unidos, completamente desconocido en la pol\u00edtica haitiana y que, seg\u00fan la versi\u00f3n de las autoridades, aspiraba\u00a0<strong>a asesinar a Mo\u00efse<\/strong>\u00a0para reemplazarlo en la jefatura del Estado.<\/p>\n<p><strong>La reuni\u00f3n de Santo Domingo<\/strong><\/p>\n<p><strong>\u201cTodos los elementos que planificaron, ejecutaron el asesinato, se reunieron en el hotel de Santo Domingo\u201d,\u00a0<\/strong>dijo Charles.<\/p>\n<p>En la reuni\u00f3n de Santo Domingo, seg\u00fan la Polic\u00eda, participaron adem\u00e1s de Sanon, otras cinco personas, entre ellas el venezolano\u00a0<strong>Antonio Emmanuel Intriago Valera,\u00a0<\/strong>director de la empresa CTU Security, sospechosa de contratar a los mercenarios colombianos que habr\u00edan perpetrado el ataque.<\/p>\n<p>Tambi\u00e9n estaban en la cita\u00a0<strong>Walter Veintemilla<\/strong>, responsable de la consultora Worldwide Capital Lending Group, se\u00f1alada como la compa\u00f1\u00eda que financi\u00f3 la operaci\u00f3n.<\/p>\n<p>Adem\u00e1s estaban el exsenador\u00a0<strong>John Jo\u00ebl Joseph,<\/strong>\u00a0en busca y captura; el alcalde de Jacmel (sur),\u00a0<strong>Marky Kessa, y James Solages<\/strong>, detenido junto a los mercenarios colombianos y sospechoso de ser el enlace con CTU Security.<\/p>\n<p><strong>Balance de detenidos<\/strong><\/p>\n<p>Por el momento,\u00a0<strong>23 personas han sido arrestadas, incluyendo 18 colombianos y cinco haitiano-estadounidenses,\u00a0<\/strong>mientras que tres colombianos fallecieron en tiroteos con la Polic\u00eda.<\/p>\n<p>La Polic\u00eda tambi\u00e9n ha aplicado medidas cautelares contra 24 agentes y responsables de las unidades de seguridad responsables por proteger a Mo\u00efse, cuatro de los cuales est\u00e1n en aislamiento.<\/p>\n<p><strong>\u00d3rdenes de b\u00fasqueda<\/strong><\/p>\n<p>La Justicia ha emitido cuatro \u00f3rdenes de b\u00fasqueda y captura contra cuatro haitianos m\u00e1s que, seg\u00fan confirm\u00f3 hoy Charles, est\u00e1n implicados en el caso.<\/p>\n<p>Entre ellos, figura el\u00a0<strong>exsenador John Jo\u00ebl Joseph,<\/strong>\u00a0sospechoso de ser el tesorero del grupo y de coordinar encuentros con los mercenarios, entre otras tareas, como el alquiler de veh\u00edculos y el pago de materiales.<\/p>\n<p>Otro de los implicados es\u00a0<strong>Joseph Felix Badio,<\/strong>\u00a0exfuncionario de la Unidad Anticorrupci\u00f3n del Gobierno, que es se\u00f1alado como el coordinador de la operaci\u00f3n en el terreno y de la log\u00edstica.<\/p>\n<p>En concreto, la Polic\u00eda le acusa de haber alquilado una casa cerca de la casa del presidente, usada en la operaci\u00f3n, y de haber falsificado placas de veh\u00edculos y de los logotipos de la DEA supuestamente usados por el comando.<\/p>\n<p>Rodolphe Jaar, condenado en 2015 en Estados Unidos por narcotr\u00e1fico, tambi\u00e9n es apuntado como coordinador de la operaci\u00f3n y, supuestamente, aloj\u00f3 a los mercenarios tres d\u00edas antes del asesinato.<\/p>\n<p>El empresario Gordon Phenil Desir, tambi\u00e9n en b\u00fasqueda y captura, est\u00e1 acusado de coordinar encuentros entre los mercenarios y de encargarse del alquiler de veh\u00edculos y del pago de materiales.<\/p>\n","protected":false},"excerpt":{"rendered":"<p>El\u00a0asesinato del presidente Jovenel Mo\u00efse,\u00a0perpetrado el pasado 7 de julio, fue planificado por los supuestos autores del magnicidio en una reuni\u00f3n en un\u00a0hotel de Santo Domingo,\u00a0inform\u00f3 este mi\u00e9rcoles la Polic\u00eda de Hait\u00ed. El director general de la Polic\u00eda, L\u00e9on Charles, present\u00f3 ante la prensa una fotograf\u00eda de la reuni\u00f3n en la que los supuestos cerebros del magnicidio y los responsables financieros del presunto entramado internacional planificaron la operaci\u00f3n. El responsable tambi\u00e9n mostr\u00f3 la red de contactos entre los presuntos implicados y aport\u00f3 detalles sobre la supuesta red que cuenta con&hellip;<\/p>\n","protected":false},"author":2,"featured_media":1729,"comment_status":"open","ping_status":"open","sticky":false,"template":"","format":"standard","meta":{"rop_custom_images_group":[],"rop_custom_messages_group":[],"rop_publish_now":"initial","rop_publish_now_accounts":[],"rop_publish_now_history":[],"rop_publish_now_status":"pending","footnotes":""},"categories":[1],"tags":[],"class_list":["post-1726","post","type-post","status-publish","format-standard","has-post-thumbnail","hentry","category-sin-categoria"],"_links":{"self":[{"href":"https:\/\/larepublicanews.com.do\/live\/wp-json\/wp\/v2\/posts\/1726","targetHints":{"allow":["GET"]}}],"collection":[{"href":"https:\/\/larepublicanews.com.do\/live\/wp-json\/wp\/v2\/posts"}],"about":[{"href":"https:\/\/larepublicanews.com.do\/live\/wp-json\/wp\/v2\/types\/post"}],"author":[{"embeddable":true,"href":"https:\/\/larepublicanews.com.do\/live\/wp-json\/wp\/v2\/users\/2"}],"replies":[{"embeddable":true,"href":"https:\/\/larepublicanews.com.do\/live\/wp-json\/wp\/v2\/comments?post=1726"}],"version-history":[{"count":1,"href":"https:\/\/larepublicanews.com.do\/live\/wp-json\/wp\/v2\/posts\/1726\/revisions"}],"predecessor-version":[{"id":1728,"href":"https:\/\/larepublicanews.com.do\/live\/wp-json\/wp\/v2\/posts\/1726\/revisions\/1728"}],"wp:featuredmedia":[{"embeddable":true,"href":"https:\/\/larepublicanews.com.do\/live\/wp-json\/wp\/v2\/media\/1729"}],"wp:attachment":[{"href":"https:\/\/larepublicanews.com.do\/live\/wp-json\/wp\/v2\/media?parent=1726"}],"wp:term":[{"taxonomy":"category","embeddable":true,"href":"https:\/\/larepublicanews.com.do\/live\/wp-json\/wp\/v2\/categories?post=1726"},{"taxonomy":"post_tag","embeddable":true,"href":"https:\/\/larepublicanews.com.do\/live\/wp-json\/wp\/v2\/tags?post=1726"}],"curies":[{"name":"wp","href":"https:\/\/api.w.org\/{rel}","templated":true}]}}