{"id":1722,"date":"2021-07-15T15:40:51","date_gmt":"2021-07-15T15:40:51","guid":{"rendered":"https:\/\/larepublicanews.com.do\/live\/?p=1722"},"modified":"2021-07-15T16:43:07","modified_gmt":"2021-07-15T16:43:07","slug":"primer-ministro-joseph-seria-autor-intelectual-del-asesinato-de-moise-segun-investigacion","status":"publish","type":"post","link":"https:\/\/larepublicanews.com.do\/live\/primer-ministro-joseph-seria-autor-intelectual-del-asesinato-de-moise-segun-investigacion\/","title":{"rendered":"Primer ministro Joseph ser\u00eda autor intelectual del asesinato de Mo\u00efse, seg\u00fan investigaci\u00f3n"},"content":{"rendered":"<p>El primer ministro interino de Hait\u00ed,\u00a0<strong>Claude Joseph<\/strong>, estar\u00eda alegadamente detr\u00e1s del asesinato del presidente de ese pa\u00eds, Jovenel Mo\u00efse, como autor intelectual. El mandatario fue acribillado en su casa la madrugada del mi\u00e9rcoles siete de este mes, hecho que ha ahondado m\u00e1s la crisis que atraviesa ese pa\u00eds. Durante el hecho, su esposa,<strong>\u00a0Martine Mo\u00efse,\u00a0<\/strong>result\u00f3 herida, pero salv\u00f3 la vida.<\/p>\n<p>Seg\u00fan una investigaci\u00f3n realizada por periodistas de la cadena Caracol de Colombia, el dato sale de las investigaciones realizadas por autoridades del vecino pa\u00eds y por miembros del Bur\u00f3 Federal de Investigaciones (FBI, por sus siglas en ingl\u00e9s).<\/p>\n<p>Un reportaje presentado por los periodistas Juan Roberto Vargas y Ricardo Calder\u00f3n, reproducido en la Rep\u00fablica Dominicana por la periodista Alicia Ortega en el noticiero SIN, se\u00f1ala que la trama contra Mo\u00efse comenz\u00f3 en noviembre del a\u00f1o pasado (2020) en un edificio que es la sede de CTU Security, en Miami, Estados Unidos.<\/p>\n<p>Ah\u00ed estuvieron reunidos, seg\u00fan el reporte, Antonio Intriago, su due\u00f1o, quien es venezolano; Arc\u00e1ngel Pretel, gerente de la compa\u00f1\u00eda, y James Solages, quien es haitiano estadounidense. Tambi\u00e9n se encontraban\u00a0<strong>Christian Emmanuel Sanon,\u00a0<\/strong>un m\u00e9dico residente en Estados Unidos y quien fue apresado, un diplom\u00e1tico haitiano solo identificado como Azkard y Jhonatan Rivera Garc\u00eda, colombiano.<\/p>\n<p>Supuestamente, en ese encuentro, se planific\u00f3 secuestrar a Mo\u00efse para que quedara en el poder el actual primer ministro interino Claude Joseph. Este hombre, quien ha quedado como la autoridad m\u00e1xima en ese pa\u00eds, junto al m\u00e9dico Christian Emmanuel Sanon y el exsenador Jhon Joel Joseph, quien est\u00e1 pr\u00f3fugo de la justicia, est\u00e1n detr\u00e1s del magnicidio, de acuerdo a la investigaci\u00f3n del medio colombiano.<\/p>\n<p>Este mi\u00e9rcoles Joseph habl\u00f3 al pa\u00eds y dijo que las prioridades del Gobierno eran mantener las investigaciones hasta dar con los responsables del magnicidio y que se hiciera justicia y, en segundo lugar, hacer todo lo posible para mantener la memoria de Mo\u00efse en el pa\u00eds con la organizaci\u00f3n de un funeral.<\/p>\n<p><strong>Como pruebas, la investigaci\u00f3n cit\u00f3 llamadas telef\u00f3nicas y fotograf\u00edas de reuniones que supuestamente vinculan al premier Joseph con los mercenarios colombianos que acudieron a la cita<\/strong>, en la cual se fragu\u00f3 la trama contra presidente haitiano y que concluy\u00f3 con su muerte a causa de m\u00faltiples disparos.<\/p>\n<p>\u201cLos investigadores tienen claro el papel que habr\u00edan jugado cada uno de los participantes de la conspiraci\u00f3n\u201d, dice el reporte de la cadena Caracol.<\/p>\n<p>A\u00f1adi\u00f3 que, tras la reuni\u00f3n en Miami, Prestel y Solages volvieron a buscar a Jhonatan Rivera Garc\u00eda, quien supuestamente hab\u00eda estado en el encuentro y posteriormente lo llev\u00f3 donde su hermano Germ\u00e1n Rivera, capit\u00e1n retirado del ej\u00e9rcito y hacia el sargento retirado Duverney Capador. Estos tres hombres alegadamente fueron los enlaces entre el primer ministro Joseph y los mercenarios contratados para asesinar a Mo\u00efse.<\/p>\n<p>Seg\u00fan la investigaci\u00f3n que cita el noticiero Caracol, James Solages mantuvo comunicaci\u00f3n telef\u00f3nica constante desde noviembre de 2020 hasta mayo de este a\u00f1o (2021) con Capador y los hermanos Rivera.<\/p>\n<p>\u201cEntre sus contactos telef\u00f3nicos aparece otro hombre clave para las autoridades, Ph\u00e9nil Gordon D\u00e9sir, abogado y l\u00edder pol\u00edtico de Hait\u00ed y quien, alegadamente, su parte en el magnicidio fue conseguir las armas de fuego.<\/p>\n<p>&nbsp;<\/p>\n","protected":false},"excerpt":{"rendered":"<p>El primer ministro interino de Hait\u00ed,\u00a0Claude Joseph, estar\u00eda alegadamente detr\u00e1s del asesinato del presidente de ese pa\u00eds, Jovenel Mo\u00efse, como autor intelectual. El mandatario fue acribillado en su casa la madrugada del mi\u00e9rcoles siete de este mes, hecho que ha ahondado m\u00e1s la crisis que atraviesa ese pa\u00eds. Durante el hecho, su esposa,\u00a0Martine Mo\u00efse,\u00a0result\u00f3 herida, pero salv\u00f3 la vida. Seg\u00fan una investigaci\u00f3n realizada por periodistas de la cadena Caracol de Colombia, el dato sale de las investigaciones realizadas por autoridades del vecino pa\u00eds y por miembros del Bur\u00f3 Federal de&hellip;<\/p>\n","protected":false},"author":2,"featured_media":1723,"comment_status":"open","ping_status":"open","sticky":false,"template":"","format":"standard","meta":{"rop_custom_images_group":[],"rop_custom_messages_group":[],"rop_publish_now":"initial","rop_publish_now_accounts":[],"rop_publish_now_history":[],"rop_publish_now_status":"pending","footnotes":""},"categories":[2,18,24],"tags":[78,79,80],"class_list":["post-1722","post","type-post","status-publish","format-standard","has-post-thumbnail","hentry","category-actualidad","category-world","category-politica","tag-haiti-claudejoseph-jovene","tag-presidente","tag-primerministro"],"_links":{"self":[{"href":"https:\/\/larepublicanews.com.do\/live\/wp-json\/wp\/v2\/posts\/1722","targetHints":{"allow":["GET"]}}],"collection":[{"href":"https:\/\/larepublicanews.com.do\/live\/wp-json\/wp\/v2\/posts"}],"about":[{"href":"https:\/\/larepublicanews.com.do\/live\/wp-json\/wp\/v2\/types\/post"}],"author":[{"embeddable":true,"href":"https:\/\/larepublicanews.com.do\/live\/wp-json\/wp\/v2\/users\/2"}],"replies":[{"embeddable":true,"href":"https:\/\/larepublicanews.com.do\/live\/wp-json\/wp\/v2\/comments?post=1722"}],"version-history":[{"count":2,"href":"https:\/\/larepublicanews.com.do\/live\/wp-json\/wp\/v2\/posts\/1722\/revisions"}],"predecessor-version":[{"id":1730,"href":"https:\/\/larepublicanews.com.do\/live\/wp-json\/wp\/v2\/posts\/1722\/revisions\/1730"}],"wp:featuredmedia":[{"embeddable":true,"href":"https:\/\/larepublicanews.com.do\/live\/wp-json\/wp\/v2\/media\/1723"}],"wp:attachment":[{"href":"https:\/\/larepublicanews.com.do\/live\/wp-json\/wp\/v2\/media?parent=1722"}],"wp:term":[{"taxonomy":"category","embeddable":true,"href":"https:\/\/larepublicanews.com.do\/live\/wp-json\/wp\/v2\/categories?post=1722"},{"taxonomy":"post_tag","embeddable":true,"href":"https:\/\/larepublicanews.com.do\/live\/wp-json\/wp\/v2\/tags?post=1722"}],"curies":[{"name":"wp","href":"https:\/\/api.w.org\/{rel}","templated":true}]}}