{"id":1646,"date":"2021-04-14T17:58:21","date_gmt":"2021-04-14T17:58:21","guid":{"rendered":"https:\/\/larepublicanews.com.do\/live\/?p=1646"},"modified":"2021-04-14T17:58:21","modified_gmt":"2021-04-14T17:58:21","slug":"senado-brasileno-aprueba-acuerdo-sobre-eliminacion-de-visados-a-dominicanos","status":"publish","type":"post","link":"https:\/\/larepublicanews.com.do\/live\/senado-brasileno-aprueba-acuerdo-sobre-eliminacion-de-visados-a-dominicanos\/","title":{"rendered":"Senado brasile\u00f1o aprueba acuerdo sobre eliminaci\u00f3n de visados a dominicanos"},"content":{"rendered":"<p>El Senado brasile\u00f1o aprob\u00f3 el acuerdo de eliminaci\u00f3n de visados entre ambos pa\u00edses, \u00a0el cual hab\u00eda sido validado por el Congreso Nacional de la Rep\u00fablica Dominicana, inform\u00f3 la embajadora dominicana en Brasil, Patricia Villegas.<\/p>\n<p>La aprobaci\u00f3n fue realizada el pasado ocho de abril, donde tambi\u00e9n se aprob\u00f3 un acuerdo de servicios a\u00e9reos. En febrero los brasile\u00f1os aprobaron un acuerdo en el \u00e1rea de defensa con Rep\u00fablica Dominicana.<\/p>\n<p>El acuerdo sobre eliminaci\u00f3n de visados para fines tur\u00edsticos y de negocios tiene el objetivo de garantizar el principio de la reciprocidad, as\u00ed como facilitar los viajes de nacionales de ambos pa\u00edses.<\/p>\n<p>El acuerdo sobre servicios a\u00e9reos tiene como objetivo facilitar la conectividad a\u00e9rea y la operaci\u00f3n de esos servicios \u00a0entre los territorios de Brasil y Rep\u00fablica Dominicana.<\/p>\n<p>El acuerdo en el \u00e1rea de defensa prev\u00e9 la cooperaci\u00f3n e intercambio de informaciones y conocimientos en el \u00e1rea militar.<\/p>\n<p>Una vez sean promulgados por el Poder Ejecutivo brasile\u00f1o, dichos acuerdos podr\u00e1n entrar en plena vigencia para la Rep\u00fablica Dominicana.<\/p>\n<p>Por: Listin Diario<\/p>\n","protected":false},"excerpt":{"rendered":"<p>El Senado brasile\u00f1o aprob\u00f3 el acuerdo de eliminaci\u00f3n de visados entre ambos pa\u00edses, \u00a0el cual hab\u00eda sido validado por el Congreso Nacional de la Rep\u00fablica Dominicana, inform\u00f3 la embajadora dominicana en Brasil, Patricia Villegas. La aprobaci\u00f3n fue realizada el pasado ocho de abril, donde tambi\u00e9n se aprob\u00f3 un acuerdo de servicios a\u00e9reos. En febrero los brasile\u00f1os aprobaron un acuerdo en el \u00e1rea de defensa con Rep\u00fablica Dominicana. El acuerdo sobre eliminaci\u00f3n de visados para fines tur\u00edsticos y de negocios tiene el objetivo de garantizar el principio de la reciprocidad, as\u00ed&hellip;<\/p>\n","protected":false},"author":2,"featured_media":1647,"comment_status":"open","ping_status":"open","sticky":false,"template":"","format":"standard","meta":{"rop_custom_images_group":[],"rop_custom_messages_group":[],"rop_publish_now":"initial","rop_publish_now_accounts":[],"rop_publish_now_history":[],"rop_publish_now_status":"pending","footnotes":""},"categories":[60,24],"tags":[],"class_list":["post-1646","post","type-post","status-publish","format-standard","has-post-thumbnail","hentry","category-internacional","category-politica"],"_links":{"self":[{"href":"https:\/\/larepublicanews.com.do\/live\/wp-json\/wp\/v2\/posts\/1646","targetHints":{"allow":["GET"]}}],"collection":[{"href":"https:\/\/larepublicanews.com.do\/live\/wp-json\/wp\/v2\/posts"}],"about":[{"href":"https:\/\/larepublicanews.com.do\/live\/wp-json\/wp\/v2\/types\/post"}],"author":[{"embeddable":true,"href":"https:\/\/larepublicanews.com.do\/live\/wp-json\/wp\/v2\/users\/2"}],"replies":[{"embeddable":true,"href":"https:\/\/larepublicanews.com.do\/live\/wp-json\/wp\/v2\/comments?post=1646"}],"version-history":[{"count":1,"href":"https:\/\/larepublicanews.com.do\/live\/wp-json\/wp\/v2\/posts\/1646\/revisions"}],"predecessor-version":[{"id":1648,"href":"https:\/\/larepublicanews.com.do\/live\/wp-json\/wp\/v2\/posts\/1646\/revisions\/1648"}],"wp:featuredmedia":[{"embeddable":true,"href":"https:\/\/larepublicanews.com.do\/live\/wp-json\/wp\/v2\/media\/1647"}],"wp:attachment":[{"href":"https:\/\/larepublicanews.com.do\/live\/wp-json\/wp\/v2\/media?parent=1646"}],"wp:term":[{"taxonomy":"category","embeddable":true,"href":"https:\/\/larepublicanews.com.do\/live\/wp-json\/wp\/v2\/categories?post=1646"},{"taxonomy":"post_tag","embeddable":true,"href":"https:\/\/larepublicanews.com.do\/live\/wp-json\/wp\/v2\/tags?post=1646"}],"curies":[{"name":"wp","href":"https:\/\/api.w.org\/{rel}","templated":true}]}}