{"id":1635,"date":"2021-04-14T14:21:26","date_gmt":"2021-04-14T14:21:26","guid":{"rendered":"https:\/\/larepublicanews.com.do\/live\/?p=1635"},"modified":"2021-04-14T14:21:26","modified_gmt":"2021-04-14T14:21:26","slug":"senado-escoge-nuevos-miembros-de-la-camara-de-cuentas-janel-andres-ramirez-la-presidira","status":"publish","type":"post","link":"https:\/\/larepublicanews.com.do\/live\/senado-escoge-nuevos-miembros-de-la-camara-de-cuentas-janel-andres-ramirez-la-presidira\/","title":{"rendered":"Senado escoge nuevos miembros de la C\u00e1mara de Cuentas; Janel Andr\u00e9s Ram\u00edrez la presidir\u00e1"},"content":{"rendered":"<p>Santo Domingo.-El Senado de la Rep\u00fablica seleccion\u00f3 este martes a los cinco nuevos miembros de la C\u00e1mara de Cuentas, que compondr\u00e1n la entidad para el per\u00edodo 2021-2025.<\/p>\n<p>La nueva C\u00e1mara de Cuentas estar\u00e1 integrada por Janel Andr\u00e9s Ram\u00edrez como presidente; vicepresidenta, Elsa Cata\u00f1o; secretaria, Tomasina Tolentino Mckenzie, mienttras que Mario Fern\u00e1ndez Burgos\u00a0y Elsa Pe\u00f1a Pe\u00f1a, miembros titulares.<\/p>\n<p>La directiva tendr\u00e1 un per\u00edodo de dos a\u00f1os, seg\u00fan la resoluci\u00f3n del Senado de la Rep\u00fablica, a solicitud de la comisi\u00f3n especial que tuvo a cargo su selecci\u00f3n.<\/p>\n<p>Los nuevos integrantes del organismo fiscalizador, ser\u00e1n juramentados este pr\u00f3ximo jueves 15 a las 10:00 de la ma\u00f1ana, en el sal\u00f3n Polivalente en el Senado.<\/p>\n<p>Por: El nacional<\/p>\n","protected":false},"excerpt":{"rendered":"<p>Santo Domingo.-El Senado de la Rep\u00fablica seleccion\u00f3 este martes a los cinco nuevos miembros de la C\u00e1mara de Cuentas, que compondr\u00e1n la entidad para el per\u00edodo 2021-2025. La nueva C\u00e1mara de Cuentas estar\u00e1 integrada por Janel Andr\u00e9s Ram\u00edrez como presidente; vicepresidenta, Elsa Cata\u00f1o; secretaria, Tomasina Tolentino Mckenzie, mienttras que Mario Fern\u00e1ndez Burgos\u00a0y Elsa Pe\u00f1a Pe\u00f1a, miembros titulares. La directiva tendr\u00e1 un per\u00edodo de dos a\u00f1os, seg\u00fan la resoluci\u00f3n del Senado de la Rep\u00fablica, a solicitud de la comisi\u00f3n especial que tuvo a cargo su selecci\u00f3n. Los nuevos integrantes del organismo&hellip;<\/p>\n","protected":false},"author":2,"featured_media":1641,"comment_status":"open","ping_status":"open","sticky":false,"template":"","format":"standard","meta":{"rop_custom_images_group":[],"rop_custom_messages_group":[],"rop_publish_now":"initial","rop_publish_now_accounts":[],"rop_publish_now_history":[],"rop_publish_now_status":"pending","footnotes":""},"categories":[24],"tags":[],"class_list":["post-1635","post","type-post","status-publish","format-standard","has-post-thumbnail","hentry","category-politica"],"_links":{"self":[{"href":"https:\/\/larepublicanews.com.do\/live\/wp-json\/wp\/v2\/posts\/1635","targetHints":{"allow":["GET"]}}],"collection":[{"href":"https:\/\/larepublicanews.com.do\/live\/wp-json\/wp\/v2\/posts"}],"about":[{"href":"https:\/\/larepublicanews.com.do\/live\/wp-json\/wp\/v2\/types\/post"}],"author":[{"embeddable":true,"href":"https:\/\/larepublicanews.com.do\/live\/wp-json\/wp\/v2\/users\/2"}],"replies":[{"embeddable":true,"href":"https:\/\/larepublicanews.com.do\/live\/wp-json\/wp\/v2\/comments?post=1635"}],"version-history":[{"count":2,"href":"https:\/\/larepublicanews.com.do\/live\/wp-json\/wp\/v2\/posts\/1635\/revisions"}],"predecessor-version":[{"id":1643,"href":"https:\/\/larepublicanews.com.do\/live\/wp-json\/wp\/v2\/posts\/1635\/revisions\/1643"}],"wp:featuredmedia":[{"embeddable":true,"href":"https:\/\/larepublicanews.com.do\/live\/wp-json\/wp\/v2\/media\/1641"}],"wp:attachment":[{"href":"https:\/\/larepublicanews.com.do\/live\/wp-json\/wp\/v2\/media?parent=1635"}],"wp:term":[{"taxonomy":"category","embeddable":true,"href":"https:\/\/larepublicanews.com.do\/live\/wp-json\/wp\/v2\/categories?post=1635"},{"taxonomy":"post_tag","embeddable":true,"href":"https:\/\/larepublicanews.com.do\/live\/wp-json\/wp\/v2\/tags?post=1635"}],"curies":[{"name":"wp","href":"https:\/\/api.w.org\/{rel}","templated":true}]}}