{"id":1634,"date":"2021-04-14T14:19:32","date_gmt":"2021-04-14T14:19:32","guid":{"rendered":"https:\/\/larepublicanews.com.do\/live\/?p=1634"},"modified":"2021-04-14T14:19:32","modified_gmt":"2021-04-14T14:19:32","slug":"renuncia-el-primer-ministro-de-haiti","status":"publish","type":"post","link":"https:\/\/larepublicanews.com.do\/live\/renuncia-el-primer-ministro-de-haiti\/","title":{"rendered":"Renuncia el primer ministro de Hait\u00ed"},"content":{"rendered":"<p>El primer ministro de Hait\u00ed, Joseph Jouthe, anunci\u00f3 el mi\u00e9rcoles de madrugada que hab\u00eda renunciado al cargo, en medio de una oleada de asesinatos y secuestros en el pa\u00eds, que afronta un referendo constitucional y unas elecciones generales este a\u00f1o.<\/p>\n<p>Jouthe ha servido como primer ministro desde marzo de 2020. No dio un motivo para su renuncia y no fue posible contactar con \u00e9l para pedir comentarios.<\/p>\n<p>Jouthe hab\u00eda intentado presentar su dimisi\u00f3n antes, pero el presidente, Jovenel Mo\u00efse, la hab\u00eda rechazado.<\/p>\n<div class=\"in-content-info 3 0\"><\/div>\n<div class=\"in-content\"><\/div>\n<p>En esta ocasi\u00f3n, el jefe de Estado la acept\u00f3 y nomin\u00f3 como nuevo primer ministro a Claude Joseph, que era ministro de Exteriores. Una vocera del nuevo jefe de gobierno no respondi\u00f3 en un primer momento a una petici\u00f3n de comentarios.<\/p>\n<div class=\"in-content-info w-100 blueconic-content 4 0\"><\/div>\n<p>Hace tiempo que Hait\u00ed tiene cambios de gobierno frecuentes, con ocho primeros ministros desde 2015.<\/p>\n<p>Por: Diario Libre<\/p>\n","protected":false},"excerpt":{"rendered":"<p>El primer ministro de Hait\u00ed, Joseph Jouthe, anunci\u00f3 el mi\u00e9rcoles de madrugada que hab\u00eda renunciado al cargo, en medio de una oleada de asesinatos y secuestros en el pa\u00eds, que afronta un referendo constitucional y unas elecciones generales este a\u00f1o. Jouthe ha servido como primer ministro desde marzo de 2020. No dio un motivo para su renuncia y no fue posible contactar con \u00e9l para pedir comentarios. Jouthe hab\u00eda intentado presentar su dimisi\u00f3n antes, pero el presidente, Jovenel Mo\u00efse, la hab\u00eda rechazado. En esta ocasi\u00f3n, el jefe de Estado la&hellip;<\/p>\n","protected":false},"author":2,"featured_media":1639,"comment_status":"open","ping_status":"open","sticky":false,"template":"","format":"standard","meta":{"rop_custom_images_group":[],"rop_custom_messages_group":[],"rop_publish_now":"initial","rop_publish_now_accounts":[],"rop_publish_now_history":[],"rop_publish_now_status":"pending","footnotes":""},"categories":[73,24],"tags":[],"class_list":["post-1634","post","type-post","status-publish","format-standard","has-post-thumbnail","hentry","category-haiti","category-politica"],"_links":{"self":[{"href":"https:\/\/larepublicanews.com.do\/live\/wp-json\/wp\/v2\/posts\/1634","targetHints":{"allow":["GET"]}}],"collection":[{"href":"https:\/\/larepublicanews.com.do\/live\/wp-json\/wp\/v2\/posts"}],"about":[{"href":"https:\/\/larepublicanews.com.do\/live\/wp-json\/wp\/v2\/types\/post"}],"author":[{"embeddable":true,"href":"https:\/\/larepublicanews.com.do\/live\/wp-json\/wp\/v2\/users\/2"}],"replies":[{"embeddable":true,"href":"https:\/\/larepublicanews.com.do\/live\/wp-json\/wp\/v2\/comments?post=1634"}],"version-history":[{"count":1,"href":"https:\/\/larepublicanews.com.do\/live\/wp-json\/wp\/v2\/posts\/1634\/revisions"}],"predecessor-version":[{"id":1640,"href":"https:\/\/larepublicanews.com.do\/live\/wp-json\/wp\/v2\/posts\/1634\/revisions\/1640"}],"wp:featuredmedia":[{"embeddable":true,"href":"https:\/\/larepublicanews.com.do\/live\/wp-json\/wp\/v2\/media\/1639"}],"wp:attachment":[{"href":"https:\/\/larepublicanews.com.do\/live\/wp-json\/wp\/v2\/media?parent=1634"}],"wp:term":[{"taxonomy":"category","embeddable":true,"href":"https:\/\/larepublicanews.com.do\/live\/wp-json\/wp\/v2\/categories?post=1634"},{"taxonomy":"post_tag","embeddable":true,"href":"https:\/\/larepublicanews.com.do\/live\/wp-json\/wp\/v2\/tags?post=1634"}],"curies":[{"name":"wp","href":"https:\/\/api.w.org\/{rel}","templated":true}]}}