{"id":1633,"date":"2021-04-14T14:16:23","date_gmt":"2021-04-14T14:16:23","guid":{"rendered":"https:\/\/larepublicanews.com.do\/live\/?p=1633"},"modified":"2021-04-14T14:16:23","modified_gmt":"2021-04-14T14:16:23","slug":"lo-que-se-sabe-de-la-variante-brasilena-del-coronavirus-la-p1","status":"publish","type":"post","link":"https:\/\/larepublicanews.com.do\/live\/lo-que-se-sabe-de-la-variante-brasilena-del-coronavirus-la-p1\/","title":{"rendered":"Lo que se sabe de la variante brasile\u00f1a del coronavirus, la P1"},"content":{"rendered":"<div id=\"article_zone\">\n<div id=\"ArticleBody\">\n<p>La variante brasile\u00f1a del coronavirus, denominada P1, es poco conocida, pero despierta alertas en el mundo porque es m\u00e1s contagiosa, lo que ha llevado a varios pa\u00edses a suspender los vuelos procedentes del gigante sudamericano, epicentro de la pandemia.<\/p>\n<p>\u00abEl miedo es justificado, la P1 es una variante m\u00e1s contagiosa y se propag\u00f3 muy r\u00e1pido en Brasil, que es un pa\u00eds enorme y donde la pandemia est\u00e1 fuera de control\u00bb, explica a la AFP la microbiologista Natalia Pasternak, directora del Instituto Questao de Ciencia.<\/p>\n<p>La P1 emergi\u00f3 en diciembre pasado en la ciudad de Manaos, capital del estado de Amazonas, pero solo fue identificada como una nueva variante en enero, en Jap\u00f3n, en unos viajantes que volv\u00eda de aquella regi\u00f3n del norte de Brasil.<\/p>\n<p>La variante tambi\u00e9n fue detectada en varios pa\u00edses de Am\u00e9rica del Sur, como Argentina, Chile, Uruguay, Bolivia, Per\u00fa y Venezuela. Tambi\u00e9n lleg\u00f3 a Estados Unidos, Canad\u00e1, Alemania y Francia, que el lunes anunci\u00f3 la suspensi\u00f3n de vuelos desde Brasil al igual que otras naciones.<\/p>\n<p><strong>&#8211; \u00bfPor qu\u00e9 es m\u00e1s contagiosa? &#8211;<\/strong><\/p>\n<p>Como la variante sudafricana, la P1 tiene la mutaci\u00f3n E484K, que podr\u00eda generar m\u00e1s infecciones que las otras cepas, seg\u00fan algunos estudios, porque demanda m\u00e1s anticuerpos para resistir al virus.<\/p>\n<p>Adem\u00e1s tiene numerosas variaciones en la prote\u00edna Spike, a trav\u00e9s de la cual el virus ingresa a las c\u00e9lulas para infectarlas.<\/p>\n<p>\u00abEs como si tuviese una llave maestra que le permite abrir varias puertas al mismo tiempo\u00bb, observa Jesem Orellana, investigador en Amazonas del instituto Fiocruz.<\/p>\n<p>\u00abY desde un punto de vista epidemiol\u00f3gico, la variante puede desestabilizar regiones donde hay poco control de la circulaci\u00f3n del virus y con poca infraestructura, causando el colapso de hospitales\u00bb, como ocurri\u00f3 en Manaos, donde decenas de pacientes fallecieron por falta de ox\u00edgeno.<\/p>\n<p>\u00abSi las autoridades brasile\u00f1as hubiesen sido responsables, habr\u00edan aislado Manaos, como China hizo con Wuhan. Pero en vez de eso, enviaron pacientes a otras regiones del pa\u00eds, con acompa\u00f1antes, algunos de ellos infectados con la P1\u00bb, lamenta Orellana.<\/p>\n<p>El gobierno brasile\u00f1o incluso \u00abdeber\u00eda haber cerrado fronteras para evitar que esa variante llegase a otros pa\u00edses, algunos m\u00e1s pobres, como Per\u00fa\u00bb, agreg\u00f3.<\/p>\n<p><strong>&#8211; \u00bfEs m\u00e1s letal? &#8211;<\/strong><\/p>\n<p>Por ahora, ning\u00fan estudio ha concluido que la P1 sea m\u00e1s letal.<\/p>\n<p>En investigaciones preliminares, Orellana constat\u00f3 que la P1 no aument\u00f3 la tasa de mortalidad en hospitales de Manaos, en comparaci\u00f3n con la primera ola de la pandemia, en abril de 2020.<\/p>\n<p>Ese an\u00e1lisis coincide con dos estudios publicados el martes seg\u00fan los cuales la variante brit\u00e1nica no deriva en casos m\u00e1s graves de covid-19.<\/p>\n<p>La escalada de muertes por covid-19 en Brasil en las \u00faltimas semanas se debe al colapso de hospitales \u00abporque esta variante es m\u00e1s contagiosa, pero tambi\u00e9n por el relajamiento generalizado\u00bb de la poblaci\u00f3n frente a las medidas de prevenci\u00f3n, \u00abcansada de las medidas de cuarentena\u00bb, agrega Orellana.<\/p>\n<p>Estudios preliminares demostraron que la vacuna china CoronaVac, la m\u00e1s usada en Brasil, es eficaz ante la P1, al igual que la de Pfizer y la de AstraZeneca.<\/p>\n<p><strong>&#8211; \u00bfCu\u00e1nto se propag\u00f3 en Brasil? &#8211;<\/strong><\/p>\n<p>La variante P1 se propag\u00f3 por casi todo el territorio brasile\u00f1o, aunque faltan datos que permitan medir en qu\u00e9 porcentaje es responsable de los contagios en cada regi\u00f3n.<\/p>\n<p>\u00abLa vigilancia gen\u00f3mica de Brasil es una de las peores del mundo\u00bb, en t\u00e9rminos de secuenciaci\u00f3n de las nuevas cepas, \u00abno en vano descubrimos la P1 casi 60 d\u00edas despu\u00e9s, en Jap\u00f3n\u00bb, cuenta Orellana.<\/p>\n<p>La circulaci\u00f3n descontrolada del virus ha dado lugar a nuevas mutaciones, con variantes de la misma cepa, como la P2, que circula en Rio de Janeiro, o la P4, detectada recientemente en Belo Horizonte, en el estado vecino de Minas Gerais.<\/p>\n<p>\u00abBrasil se convirti\u00f3 en un laboratorio de variantes a cielo abierto\u00bb, dijo Orellana.<\/p>\n<p>Para evitar la circulaci\u00f3n de esas variantes, \u00ablo ideal ser\u00eda tener dosis suficientes para la vacunaci\u00f3n en masa y un lockdown al mismo tiempo, como hicieron Inglaterra o Israel\u00bb, agrega la microbi\u00f3loga Pasternak.<\/p>\n<p>\u00abPero en Brasil no tenemos ni lo uno ni lo otro: el confinamiento, principalmente, por falta de voluntad pol\u00edtica\u00bb, a lo que se suma que \u00abno tenemos dosis suficientes para la vacunaci\u00f3n\u00bb, explica la especialista, subrayando la \u00abfalta de coordinaci\u00f3n nacional\u00bb de la lucha contra la pandemia por parte del gobierno de Jair Bolsonaro.<\/p>\n<\/div>\n<div><\/div>\n<\/div>\n<div class=\"panel panel-default mb30 overflowauto\">Por: Listin Diario<\/div>\n","protected":false},"excerpt":{"rendered":"<p>La variante brasile\u00f1a del coronavirus, denominada P1, es poco conocida, pero despierta alertas en el mundo porque es m\u00e1s contagiosa, lo que ha llevado a varios pa\u00edses a suspender los vuelos procedentes del gigante sudamericano, epicentro de la pandemia. \u00abEl miedo es justificado, la P1 es una variante m\u00e1s contagiosa y se propag\u00f3 muy r\u00e1pido en Brasil, que es un pa\u00eds enorme y donde la pandemia est\u00e1 fuera de control\u00bb, explica a la AFP la microbiologista Natalia Pasternak, directora del Instituto Questao de Ciencia. La P1 emergi\u00f3 en diciembre pasado&hellip;<\/p>\n","protected":false},"author":2,"featured_media":1637,"comment_status":"open","ping_status":"open","sticky":false,"template":"","format":"standard","meta":{"rop_custom_images_group":[],"rop_custom_messages_group":[],"rop_publish_now":"initial","rop_publish_now_accounts":[],"rop_publish_now_history":[],"rop_publish_now_status":"pending","footnotes":""},"categories":[46],"tags":[],"class_list":["post-1633","post","type-post","status-publish","format-standard","has-post-thumbnail","hentry","category-covid-19"],"_links":{"self":[{"href":"https:\/\/larepublicanews.com.do\/live\/wp-json\/wp\/v2\/posts\/1633","targetHints":{"allow":["GET"]}}],"collection":[{"href":"https:\/\/larepublicanews.com.do\/live\/wp-json\/wp\/v2\/posts"}],"about":[{"href":"https:\/\/larepublicanews.com.do\/live\/wp-json\/wp\/v2\/types\/post"}],"author":[{"embeddable":true,"href":"https:\/\/larepublicanews.com.do\/live\/wp-json\/wp\/v2\/users\/2"}],"replies":[{"embeddable":true,"href":"https:\/\/larepublicanews.com.do\/live\/wp-json\/wp\/v2\/comments?post=1633"}],"version-history":[{"count":1,"href":"https:\/\/larepublicanews.com.do\/live\/wp-json\/wp\/v2\/posts\/1633\/revisions"}],"predecessor-version":[{"id":1638,"href":"https:\/\/larepublicanews.com.do\/live\/wp-json\/wp\/v2\/posts\/1633\/revisions\/1638"}],"wp:featuredmedia":[{"embeddable":true,"href":"https:\/\/larepublicanews.com.do\/live\/wp-json\/wp\/v2\/media\/1637"}],"wp:attachment":[{"href":"https:\/\/larepublicanews.com.do\/live\/wp-json\/wp\/v2\/media?parent=1633"}],"wp:term":[{"taxonomy":"category","embeddable":true,"href":"https:\/\/larepublicanews.com.do\/live\/wp-json\/wp\/v2\/categories?post=1633"},{"taxonomy":"post_tag","embeddable":true,"href":"https:\/\/larepublicanews.com.do\/live\/wp-json\/wp\/v2\/tags?post=1633"}],"curies":[{"name":"wp","href":"https:\/\/api.w.org\/{rel}","templated":true}]}}