{"id":1618,"date":"2021-04-07T18:15:27","date_gmt":"2021-04-07T18:15:27","guid":{"rendered":"https:\/\/larepublicanews.com.do\/live\/?p=1618"},"modified":"2021-04-07T18:15:27","modified_gmt":"2021-04-07T18:15:27","slug":"senador-dionis-sanchez-duda-creacion-de-una-comision-resuelva-problema-de-la-policia","status":"publish","type":"post","link":"https:\/\/larepublicanews.com.do\/live\/senador-dionis-sanchez-duda-creacion-de-una-comision-resuelva-problema-de-la-policia\/","title":{"rendered":"Senador Dionis S\u00e1nchez duda creaci\u00f3n de una comisi\u00f3n resuelva problema de la Polic\u00eda"},"content":{"rendered":"<p><b>El senador de la Fuerza del Pueblo por Pedernales, Dionis S\u00e1nchez<\/b>, afirm\u00f3 que la creaci\u00f3n de una comisi\u00f3n desde el Poder Ejecutivo para transformar y modernizar la Polic\u00eda Nacional no le dice nada porque, a su entender, en este pa\u00eds cuando se quiere dejar de lado un caso tr\u00e1gico y que provoque consternaci\u00f3n, \u00e9ste es enviado a comisi\u00f3n.<\/p>\n<p>Considera que con el tema de la Polic\u00eda Nacional en el pa\u00eds hay que comenzar desde cero.<\/p>\n<p>El congresista manifest\u00f3 que con la \u201cejecuci\u00f3n\u201d en contra de l<b>os esposos evang\u00e9licos<\/b>, que ha consternado a la poblaci\u00f3n, \u201cse aprob\u00f3 la pena de muerte\u201d sin haber sido sancionada en el Congreso Nacional.<\/p>\n<div class=\"in-content-info 3 0\"><\/div>\n<div class=\"in-content\"><\/div>\n<p>Lament\u00f3 que cada vez que se da otro tipo de explicaci\u00f3n sobre esa tragedia, la indignaci\u00f3n crece m\u00e1s en la sociedad dominicana.<\/p>\n<div class=\"in-content-info w-100 blueconic-content 4 0\"><\/div>\n<p>\u201cY la poblaci\u00f3n est\u00e1 exigiendo que quer\u00edan callar o que quer\u00edan tapar. Mandaron a matar a esos supuestos atracadores que no han aparecido. \u00bfY que quien dio la orden de la ejecuci\u00f3n?\u201d, se pregunt\u00f3.<\/p>\n<p>El senador por Pedernales dijo que ese caso debe llegar hasta las \u00faltimas consecuencias porque considera que ya est\u00e1 bueno de ese \u201cmodo operandis\u201d que, considera, \u201cse repite gobierno tras gobierno y director o jefe de la polic\u00eda tras jefe de la Polic\u00eda Nacional\u201d.<\/p>\n<p>Al ser consultado al respecto,\u00a0<b>el senador por La Vega del Partido Reformista Social Cristiano (PRSC), Ram\u00f3n Rogelio Genao<\/b>\u00a0dijo que las \u00faltimas transformaciones hechas a la Polic\u00eda Nacional han sido \u201ccosm\u00e9ticas\u201d.<\/p>\n<p>Precis\u00f3 que la sociedad aspira a una transformaci\u00f3n de la Polic\u00eda Nacional de fondo y no de forma.<\/p>\n<p>Destac\u00f3 que con cambiarle el nombre al jefe de la Polic\u00eda por director no se resolvi\u00f3 la necesidad de reformar el cuerpo del orden.<\/p>\n<p>Espera que los comisionados designados por el Poder Ejecutivo sean creativos para lograr el cometido para el que fueron llamados.<\/p>\n<p>Para \u00e9l la comisi\u00f3n designada es \u201cmuy numerosa y muy amplia\u201d y cree que si existe la voluntad pol\u00edtica puede existir una \u201cesperanza\u201d de que esa instituci\u00f3n sea reformada.<\/p>\n<p>Genao considera debe existir una Superintendencia de la Polic\u00eda Nacional y que hay que \u201cromper\u201d con la pr\u00e1ctica de que el castigo para un polic\u00eda sea trasladarlo de zona donde preste su servicio.<\/p>\n<p>En tanto que\u00a0<b>el consultor Jur\u00eddico del Poder ejecutivo, Antoliano Peralta<\/b>, argument\u00f3 que hace a\u00f1os que se est\u00e1 hablando en el pa\u00eds de la necesidad de reformar la Polic\u00eda Nacional y que fue ahora que lleg\u00f3 un presidente que se dispuso a lograrlo.<\/p>\n<p>Afirm\u00f3 que la comisi\u00f3n creada por el Poder Ejecutivo est\u00e1 integrada por un grupo de ciudadanos honorables, por lo que entiende que le dar\u00e1n confianza a la labor a la que est\u00e1n llamados a realizar.<\/p>\n<p>Destac\u00f3 que el\u00a0<b>decreto No. 211-21\u00a0<\/b>establece que esa comisi\u00f3n \u201cva a vigilar que se hagan los reglamentos\u201d y que estos los elaboran en la Consultor\u00eda Jur\u00eddica.<\/p>\n<p>\u201cYo pienso que todo con el tiempo hay que reformarlo. Esa estructura que tiene la Polic\u00eda (Nacional) parece que hab\u00eda cumplido con su misi\u00f3n hist\u00f3rica y que hay que renovarse\u201d, expres\u00f3.<\/p>\n<p>Al respecto, los diputados peledeistas S\u00f3crates P\u00e9rez y Jos\u00e9 Rafael Hern\u00e1ndez, tampoco se mostraron confiados en que con la creaci\u00f3n de una comisi\u00f3n se resuelva el problema de la necesidad de reforma que requiere la uniformada.<\/p>\n<p>P\u00e9rez lament\u00f3 que el presidente Luis Abinader entienda que todav\u00eda est\u00e1 en campa\u00f1a electoral.<\/p>\n<p>Por: Diario Libre<\/p>\n","protected":false},"excerpt":{"rendered":"<p>El senador de la Fuerza del Pueblo por Pedernales, Dionis S\u00e1nchez, afirm\u00f3 que la creaci\u00f3n de una comisi\u00f3n desde el Poder Ejecutivo para transformar y modernizar la Polic\u00eda Nacional no le dice nada porque, a su entender, en este pa\u00eds cuando se quiere dejar de lado un caso tr\u00e1gico y que provoque consternaci\u00f3n, \u00e9ste es enviado a comisi\u00f3n. Considera que con el tema de la Polic\u00eda Nacional en el pa\u00eds hay que comenzar desde cero. El congresista manifest\u00f3 que con la \u201cejecuci\u00f3n\u201d en contra de los esposos evang\u00e9licos, que ha&hellip;<\/p>\n","protected":false},"author":2,"featured_media":1625,"comment_status":"open","ping_status":"open","sticky":false,"template":"","format":"standard","meta":{"rop_custom_images_group":[],"rop_custom_messages_group":[],"rop_publish_now":"initial","rop_publish_now_accounts":[],"rop_publish_now_history":[],"rop_publish_now_status":"pending","footnotes":""},"categories":[24],"tags":[],"class_list":["post-1618","post","type-post","status-publish","format-standard","has-post-thumbnail","hentry","category-politica"],"_links":{"self":[{"href":"https:\/\/larepublicanews.com.do\/live\/wp-json\/wp\/v2\/posts\/1618","targetHints":{"allow":["GET"]}}],"collection":[{"href":"https:\/\/larepublicanews.com.do\/live\/wp-json\/wp\/v2\/posts"}],"about":[{"href":"https:\/\/larepublicanews.com.do\/live\/wp-json\/wp\/v2\/types\/post"}],"author":[{"embeddable":true,"href":"https:\/\/larepublicanews.com.do\/live\/wp-json\/wp\/v2\/users\/2"}],"replies":[{"embeddable":true,"href":"https:\/\/larepublicanews.com.do\/live\/wp-json\/wp\/v2\/comments?post=1618"}],"version-history":[{"count":1,"href":"https:\/\/larepublicanews.com.do\/live\/wp-json\/wp\/v2\/posts\/1618\/revisions"}],"predecessor-version":[{"id":1626,"href":"https:\/\/larepublicanews.com.do\/live\/wp-json\/wp\/v2\/posts\/1618\/revisions\/1626"}],"wp:featuredmedia":[{"embeddable":true,"href":"https:\/\/larepublicanews.com.do\/live\/wp-json\/wp\/v2\/media\/1625"}],"wp:attachment":[{"href":"https:\/\/larepublicanews.com.do\/live\/wp-json\/wp\/v2\/media?parent=1618"}],"wp:term":[{"taxonomy":"category","embeddable":true,"href":"https:\/\/larepublicanews.com.do\/live\/wp-json\/wp\/v2\/categories?post=1618"},{"taxonomy":"post_tag","embeddable":true,"href":"https:\/\/larepublicanews.com.do\/live\/wp-json\/wp\/v2\/tags?post=1618"}],"curies":[{"name":"wp","href":"https:\/\/api.w.org\/{rel}","templated":true}]}}