{"id":1617,"date":"2021-04-07T18:12:39","date_gmt":"2021-04-07T18:12:39","guid":{"rendered":"https:\/\/larepublicanews.com.do\/live\/?p=1617"},"modified":"2021-04-07T18:12:39","modified_gmt":"2021-04-07T18:12:39","slug":"tonty-rutinel-truena-contra-gobierno-del-prm-y-pide-destituir-al-director-de-la-policia-nacional","status":"publish","type":"post","link":"https:\/\/larepublicanews.com.do\/live\/tonty-rutinel-truena-contra-gobierno-del-prm-y-pide-destituir-al-director-de-la-policia-nacional\/","title":{"rendered":"Tonty Rutinel truena contra gobierno del PRM y pide destituir al director de la Polic\u00eda Nacional"},"content":{"rendered":"<p>El diputado Tonty Rutinel, del Partido Revolucionario Moderno, tron\u00f3 esta tarde contra el gobierno de su organizaci\u00f3n pidiendo la destituci\u00f3n del director de la Polic\u00eda Nacional.<\/p>\n<p>Rutinel, electo por los municipios Los Alcarrizos y Pedro Brand, pregunt\u00f3 si el director de la Polic\u00eda es una persona \u201cque no tiene criterio o es un relajo lo que hay en el pa\u00eds\u201d, o si era alguien que no ten\u00eda concepto\u201d, y de ser eso dijo que entonces no pod\u00eda dirigir esa instituci\u00f3n.<\/p>\n<p>\u201cSi es desconocimiento tampoco puede dirigir la PN\u201d, dijo Rutinel.<\/p>\n<p>Las expresiones de Rutinel fueron una muestra de la indigacio\u00f3n en la C\u00e1mara de Diputados por el asesinato de los esposos Joel D\u00edaz y Elizabeth Mu\u00f1oz, que fueron acribillados por seis agentes policiales en Villa Altagracia, supuestamente porque los \u00abconfundieron con una banda de asaltantes que buscaban\u00bb.<\/p>\n<p>Por igual se quej\u00f3 de la visita que le har\u00e1 ma\u00f1ana a los diputados el ministro de Interior y Polic\u00eda, Jes\u00fas V\u00e1squez Mart\u00ednez, cuestionando de \u201cqu\u00e9 va a venir hablar\u201d.<\/p>\n<p>\u201cAnte una polic\u00eda criminal, ante un hecho que hay que destruirla, sepultarla\u2026 No es posible que esto siga c\u00f3mo va, no es posible que los ministros sigan haciendo lo que quieran. Le estamos dando la raz\u00f3n al PLD\u201d, dijo.<\/p>\n<p>Se quej\u00f3 de que el presidente Luis Abinader, ante un hecho de un senador, en referencia a Moreno Arias, de Monte Cristi, le arrinconar\u00e1 y ascendiera \u201ca un teniente por un hecho intrascendente\u201d.<\/p>\n<p>\u201cDespu\u00e9s aqu\u00ed, en esta C\u00e1mara, se humilla a diputados y nos quedamos callados. Despu\u00e9s nos ponen de relajo y nos quedamos callados. Y donde est\u00e1 la moral, la conciencia, dignidad, el trabajo\u201d, dijo el legislador.<\/p>\n<div>\n<div class=\"dailymotion-cpe cpe-61154\">\n<div class=\"insider\"><iframe loading=\"lazy\" id=\"f3a47512d445288\" title=\"Dailymotion video player\" src=\"https:\/\/www.dailymotion.com\/embed\/video\/x80gv3m?api=postMessage&amp;apimode=json&amp;autoplay=false&amp;embed_index=1&amp;id=f3a47512d445288&amp;mute=true&amp;origin=https%3A%2F%2Flistindiario.com&amp;pubtool=cpe&amp;queue-autoplay-next=true&amp;queue-enable=true&amp;ui-highlight=false\" width=\"100%\" height=\"270\" frameborder=\"0\" allowfullscreen=\"allowfullscreen\" data-mce-fragment=\"1\"><\/iframe><\/div>\n<\/div>\n<\/div>\n<p>\u201cEste pa\u00eds espera m\u00e1s de nosotros mismos\u201d, dijo.<\/p>\n<p>Rutinel dijo que no pod\u00eda callar m\u00e1s. \u201cMe puedo morir del coraz\u00f3n, no quiero morirme del coraz\u00f3n sin ver lo que promet\u00ed, sin ver mi lucha\u201d, dijo.<\/p>\n<p>Dijo que no le dieran empleos sus compa\u00f1eros de partido que est\u00e1n en el gobierno. \u201cQue se cojan los empleos. A m\u00ed no me van a poner de relajo en pasillos\u201d, dijo.<\/p>\n<p>\u201cNo podemos seguir en esto. Ustedes no pueden seguir perdiendo la verg\u00fcenza\u201d, dijo Rutinel.<\/p>\n<p>Por: Listin Diario<\/p>\n","protected":false},"excerpt":{"rendered":"<p>El diputado Tonty Rutinel, del Partido Revolucionario Moderno, tron\u00f3 esta tarde contra el gobierno de su organizaci\u00f3n pidiendo la destituci\u00f3n del director de la Polic\u00eda Nacional. Rutinel, electo por los municipios Los Alcarrizos y Pedro Brand, pregunt\u00f3 si el director de la Polic\u00eda es una persona \u201cque no tiene criterio o es un relajo lo que hay en el pa\u00eds\u201d, o si era alguien que no ten\u00eda concepto\u201d, y de ser eso dijo que entonces no pod\u00eda dirigir esa instituci\u00f3n. \u201cSi es desconocimiento tampoco puede dirigir la PN\u201d, dijo Rutinel.&hellip;<\/p>\n","protected":false},"author":2,"featured_media":1623,"comment_status":"open","ping_status":"open","sticky":false,"template":"","format":"standard","meta":{"rop_custom_images_group":[],"rop_custom_messages_group":[],"rop_publish_now":"initial","rop_publish_now_accounts":[],"rop_publish_now_history":[],"rop_publish_now_status":"pending","footnotes":""},"categories":[72,24],"tags":[],"class_list":["post-1617","post","type-post","status-publish","format-standard","has-post-thumbnail","hentry","category-policia","category-politica"],"_links":{"self":[{"href":"https:\/\/larepublicanews.com.do\/live\/wp-json\/wp\/v2\/posts\/1617","targetHints":{"allow":["GET"]}}],"collection":[{"href":"https:\/\/larepublicanews.com.do\/live\/wp-json\/wp\/v2\/posts"}],"about":[{"href":"https:\/\/larepublicanews.com.do\/live\/wp-json\/wp\/v2\/types\/post"}],"author":[{"embeddable":true,"href":"https:\/\/larepublicanews.com.do\/live\/wp-json\/wp\/v2\/users\/2"}],"replies":[{"embeddable":true,"href":"https:\/\/larepublicanews.com.do\/live\/wp-json\/wp\/v2\/comments?post=1617"}],"version-history":[{"count":1,"href":"https:\/\/larepublicanews.com.do\/live\/wp-json\/wp\/v2\/posts\/1617\/revisions"}],"predecessor-version":[{"id":1624,"href":"https:\/\/larepublicanews.com.do\/live\/wp-json\/wp\/v2\/posts\/1617\/revisions\/1624"}],"wp:featuredmedia":[{"embeddable":true,"href":"https:\/\/larepublicanews.com.do\/live\/wp-json\/wp\/v2\/media\/1623"}],"wp:attachment":[{"href":"https:\/\/larepublicanews.com.do\/live\/wp-json\/wp\/v2\/media?parent=1617"}],"wp:term":[{"taxonomy":"category","embeddable":true,"href":"https:\/\/larepublicanews.com.do\/live\/wp-json\/wp\/v2\/categories?post=1617"},{"taxonomy":"post_tag","embeddable":true,"href":"https:\/\/larepublicanews.com.do\/live\/wp-json\/wp\/v2\/tags?post=1617"}],"curies":[{"name":"wp","href":"https:\/\/api.w.org\/{rel}","templated":true}]}}