{"id":1606,"date":"2021-04-06T21:35:21","date_gmt":"2021-04-06T21:35:21","guid":{"rendered":"https:\/\/larepublicanews.com.do\/live\/?p=1606"},"modified":"2021-04-06T21:35:21","modified_gmt":"2021-04-06T21:35:21","slug":"comision-especial-del-senado-concluye-entrevistas-a-aspirantes-a-la-camara-de-cuentas","status":"publish","type":"post","link":"https:\/\/larepublicanews.com.do\/live\/comision-especial-del-senado-concluye-entrevistas-a-aspirantes-a-la-camara-de-cuentas\/","title":{"rendered":"Comisi\u00f3n Especial del Senado concluye entrevistas a aspirantes a la C\u00e1mara de Cuentas"},"content":{"rendered":"<p>La Comisi\u00f3n Especial de senadores designada para la elecci\u00f3n de los miembros de la C\u00e1mara de Cuentas de la Rep\u00fablica Dominicana,\u00a0<strong>concluy\u00f3 este martes con las entrevistas de aspirantes a miembros o titulares del \u00f3rgano auditor para el per\u00edodo 2021-2024.<\/strong><\/p>\n<p>El primero en ser entrevistado fue Juan Lu\u00eds Selim\u00e1n, seguido por Yobanny Abrahan Tabar Rosario, Roberto Leonel Rodr\u00edguez, Elsa Mar\u00eda Catano y Ram\u00f3n Eminio Sarate.<\/p>\n<p>\u201cHoy terminamos de entrevistar a los quince miembros de las diferentes ternas que nos mand\u00f3 la C\u00e1mara de Diputados; las deliberaciones van a empezar ma\u00f1ana.\u00a0\u00a0<strong>El jueves esta comisi\u00f3n Especial va a emitir su valoraci\u00f3n, y va a recomendar al pleno, la conformaci\u00f3n de una nueva C\u00e1mara de Cuentas\u201d,<\/strong>\u00a0dijo el presidente de la Comisi\u00f3n Especial, Antonio Taveras Guzm\u00e1n (Provincia Santo Domingo).<\/p>\n<p>Taveras Guzm\u00e1n consider\u00f3 que entre las caracter\u00edsticas que entiende deben primar en los futuros miembros del \u00d3rgano Auditor, est\u00e1n: profesionalidad, honestidad y transparencia.<\/p>\n<p>\u201cQue entiendan, que el pa\u00eds se camina hacia un proceso de profunda transparencia, donde la gente quiere servidores p\u00fablicos que respeten el patrimonio de la naci\u00f3n, una C\u00e1mara de Cuentas que no obedezca m\u00e1s dictamen que los entendidos por ella, que no reciba ordenes de nadie, que no sea pasible de ser chantajeada, es decir un \u00f3rgano totalmente independiente\u201d, agreg\u00f3.<\/p>\n<p>En la reuni\u00f3n participaron todos los miembros de la Comisi\u00f3n, la cual est\u00e1 conformada por Antonio Taveras Guzm\u00e1n (Provincia Santo Domingo), presidente; Franklin Pe\u00f1a (San Pedro); Jos\u00e9 del Castillo Savi\u00f1\u00f3n (Barahona); Faride Raful (Distrito Nacional); Alexis Victoria (Mar\u00eda Trinidad S\u00e1nchez); Ing. Ram\u00f3n Rogelio Genao Duran (La Vega); F\u00e9lix Bautista (San Juan); Milc\u00edades Franjul (Peravia); y Lenin Valdez (Monte Plata).<\/p>\n","protected":false},"excerpt":{"rendered":"<p>La Comisi\u00f3n Especial de senadores designada para la elecci\u00f3n de los miembros de la C\u00e1mara de Cuentas de la Rep\u00fablica Dominicana,\u00a0concluy\u00f3 este martes con las entrevistas de aspirantes a miembros o titulares del \u00f3rgano auditor para el per\u00edodo 2021-2024. El primero en ser entrevistado fue Juan Lu\u00eds Selim\u00e1n, seguido por Yobanny Abrahan Tabar Rosario, Roberto Leonel Rodr\u00edguez, Elsa Mar\u00eda Catano y Ram\u00f3n Eminio Sarate. \u201cHoy terminamos de entrevistar a los quince miembros de las diferentes ternas que nos mand\u00f3 la C\u00e1mara de Diputados; las deliberaciones van a empezar ma\u00f1ana.\u00a0\u00a0El jueves&hellip;<\/p>\n","protected":false},"author":2,"featured_media":1610,"comment_status":"open","ping_status":"open","sticky":false,"template":"","format":"standard","meta":{"rop_custom_images_group":[],"rop_custom_messages_group":[],"rop_publish_now":"initial","rop_publish_now_accounts":[],"rop_publish_now_history":[],"rop_publish_now_status":"pending","footnotes":""},"categories":[24],"tags":[],"class_list":["post-1606","post","type-post","status-publish","format-standard","has-post-thumbnail","hentry","category-politica"],"_links":{"self":[{"href":"https:\/\/larepublicanews.com.do\/live\/wp-json\/wp\/v2\/posts\/1606","targetHints":{"allow":["GET"]}}],"collection":[{"href":"https:\/\/larepublicanews.com.do\/live\/wp-json\/wp\/v2\/posts"}],"about":[{"href":"https:\/\/larepublicanews.com.do\/live\/wp-json\/wp\/v2\/types\/post"}],"author":[{"embeddable":true,"href":"https:\/\/larepublicanews.com.do\/live\/wp-json\/wp\/v2\/users\/2"}],"replies":[{"embeddable":true,"href":"https:\/\/larepublicanews.com.do\/live\/wp-json\/wp\/v2\/comments?post=1606"}],"version-history":[{"count":1,"href":"https:\/\/larepublicanews.com.do\/live\/wp-json\/wp\/v2\/posts\/1606\/revisions"}],"predecessor-version":[{"id":1611,"href":"https:\/\/larepublicanews.com.do\/live\/wp-json\/wp\/v2\/posts\/1606\/revisions\/1611"}],"wp:featuredmedia":[{"embeddable":true,"href":"https:\/\/larepublicanews.com.do\/live\/wp-json\/wp\/v2\/media\/1610"}],"wp:attachment":[{"href":"https:\/\/larepublicanews.com.do\/live\/wp-json\/wp\/v2\/media?parent=1606"}],"wp:term":[{"taxonomy":"category","embeddable":true,"href":"https:\/\/larepublicanews.com.do\/live\/wp-json\/wp\/v2\/categories?post=1606"},{"taxonomy":"post_tag","embeddable":true,"href":"https:\/\/larepublicanews.com.do\/live\/wp-json\/wp\/v2\/tags?post=1606"}],"curies":[{"name":"wp","href":"https:\/\/api.w.org\/{rel}","templated":true}]}}