{"id":1589,"date":"2021-04-05T16:29:24","date_gmt":"2021-04-05T16:29:24","guid":{"rendered":"https:\/\/larepublicanews.com.do\/live\/?p=1589"},"modified":"2021-04-05T16:35:44","modified_gmt":"2021-04-05T16:35:44","slug":"presidente-abinader-felicita-a-los-periodistas-en-su-dia","status":"publish","type":"post","link":"https:\/\/larepublicanews.com.do\/live\/presidente-abinader-felicita-a-los-periodistas-en-su-dia\/","title":{"rendered":"Presidente Abinader felicita a los periodistas en su d\u00eda"},"content":{"rendered":"<div class=\"paragraph\">\n<p>El presidente Luis Abinader garantiz\u00f3 su \u201ccompromiso\u201d y el de su Gobierno con un \u201cejercicio con respeto a la libertad\u201d, en un mensaje que envi\u00f3 en el D\u00eda de los Periodistas, a quienes les dese\u00f3 \u201clos mejores parabienes\u201d.<\/p>\n<p>El mandatario defini\u00f3 al periodismo como \u201cuna noble profesi\u00f3n\u201d.<\/p>\n<\/div>\n<div class=\"html\">\n<div class=\"twitter-tweet twitter-tweet-rendered\"><iframe id=\"twitter-widget-0\" class=\"\" title=\"Twitter Tweet\" src=\"https:\/\/platform.twitter.com\/embed\/Tweet.html?dnt=false&amp;embedId=twitter-widget-0&amp;frame=false&amp;hideCard=false&amp;hideThread=false&amp;id=1379055153509175301&amp;lang=es&amp;origin=https%3A%2F%2Fwww.diariolibre.com%2Factualidad%2Fpolitica%2Fpresidente-abinader-felicita-a-los-periodistas-en-su-dia-CB25422527&amp;theme=light&amp;widgetsVersion=e1ffbdb%3A1614796141937&amp;width=550px\" frameborder=\"0\" scrolling=\"no\" allowfullscreen=\"allowfullscreen\" data-tweet-id=\"1379055153509175301\" data-mce-fragment=\"1\"><\/iframe><\/div>\n<\/div>\n<div class=\"paragraph\">\n<p>El pa\u00eds celebra hoy el D\u00eda Nacional del Periodista, cuyos profesionales han continuado su labor ininterrumpida en lo m\u00e1s de 13 meses que lleva la pandemia del coronavirus en el territorio nacional.<\/p>\n<div class=\"in-content-info 3 0\"><\/div>\n<div class=\"in-content\"><\/div>\n<p>La celebraci\u00f3n del D\u00eda Nacional del Periodista se realiza el 5 de abril, con motivo de la conmemoraci\u00f3n del nacimiento del peri\u00f3dico\u00a0<i>El Tel\u00e9grafo Constitucional<\/i>\u00a0de Santo Domingo, primer peri\u00f3dico dominicano que circul\u00f3 en el a\u00f1o 1821.<\/p>\n<div class=\"in-content-info w-100 blueconic-content 4 0\"><\/div>\n<p>La celebraci\u00f3n llega a tres d\u00edas de que durante el Serm\u00f3n de las Siete Palabras se realizaron cr\u00edticas y denuncias al sector, cuando un sacerdote acus\u00f3 a un grupo de comunicadores y periodistas de dedicarse a un ejercicio inmoral a trav\u00e9s, principalmente, de las redes sociales.<\/p>\n<p>Las imputaciones las realiz\u00f3 el sacerdote Arsenio Ferreira, quien habl\u00f3 de pr\u00e1cticas del chantaje y la extorsi\u00f3n contra empresarios, funcionarios y otras personas a las que exigen dinero a cambio de desistir de las publicaciones.<\/p>\n<p>No obstante, el religioso dijo que los medios de comunicaci\u00f3n \u201cno s\u00f3lo son productos del ingenio humano, sino tambi\u00e9n grandes dones de Dios y verdaderos signos de los tiempos\u201d.<\/p>\n<p>Por: Diario Libre<\/p>\n<\/div>\n","protected":false},"excerpt":{"rendered":"<p>El presidente Luis Abinader garantiz\u00f3 su \u201ccompromiso\u201d y el de su Gobierno con un \u201cejercicio con respeto a la libertad\u201d, en un mensaje que envi\u00f3 en el D\u00eda de los Periodistas, a quienes les dese\u00f3 \u201clos mejores parabienes\u201d. El mandatario defini\u00f3 al periodismo como \u201cuna noble profesi\u00f3n\u201d. El pa\u00eds celebra hoy el D\u00eda Nacional del Periodista, cuyos profesionales han continuado su labor ininterrumpida en lo m\u00e1s de 13 meses que lleva la pandemia del coronavirus en el territorio nacional. La celebraci\u00f3n del D\u00eda Nacional del Periodista se realiza el 5&hellip;<\/p>\n","protected":false},"author":2,"featured_media":1596,"comment_status":"open","ping_status":"open","sticky":false,"template":"","format":"standard","meta":{"rop_custom_images_group":[],"rop_custom_messages_group":[],"rop_publish_now":"initial","rop_publish_now_accounts":[],"rop_publish_now_history":[],"rop_publish_now_status":"pending","footnotes":""},"categories":[69],"tags":[],"class_list":["post-1589","post","type-post","status-publish","format-standard","has-post-thumbnail","hentry","category-luis-abinader"],"_links":{"self":[{"href":"https:\/\/larepublicanews.com.do\/live\/wp-json\/wp\/v2\/posts\/1589","targetHints":{"allow":["GET"]}}],"collection":[{"href":"https:\/\/larepublicanews.com.do\/live\/wp-json\/wp\/v2\/posts"}],"about":[{"href":"https:\/\/larepublicanews.com.do\/live\/wp-json\/wp\/v2\/types\/post"}],"author":[{"embeddable":true,"href":"https:\/\/larepublicanews.com.do\/live\/wp-json\/wp\/v2\/users\/2"}],"replies":[{"embeddable":true,"href":"https:\/\/larepublicanews.com.do\/live\/wp-json\/wp\/v2\/comments?post=1589"}],"version-history":[{"count":2,"href":"https:\/\/larepublicanews.com.do\/live\/wp-json\/wp\/v2\/posts\/1589\/revisions"}],"predecessor-version":[{"id":1601,"href":"https:\/\/larepublicanews.com.do\/live\/wp-json\/wp\/v2\/posts\/1589\/revisions\/1601"}],"wp:featuredmedia":[{"embeddable":true,"href":"https:\/\/larepublicanews.com.do\/live\/wp-json\/wp\/v2\/media\/1596"}],"wp:attachment":[{"href":"https:\/\/larepublicanews.com.do\/live\/wp-json\/wp\/v2\/media?parent=1589"}],"wp:term":[{"taxonomy":"category","embeddable":true,"href":"https:\/\/larepublicanews.com.do\/live\/wp-json\/wp\/v2\/categories?post=1589"},{"taxonomy":"post_tag","embeddable":true,"href":"https:\/\/larepublicanews.com.do\/live\/wp-json\/wp\/v2\/tags?post=1589"}],"curies":[{"name":"wp","href":"https:\/\/api.w.org\/{rel}","templated":true}]}}